{"id":933,"date":"2016-11-01T00:00:21","date_gmt":"2016-10-31T23:00:21","guid":{"rendered":"http:\/\/www.muzsik.hu\/?p=933"},"modified":"2016-11-03T13:10:44","modified_gmt":"2016-11-03T12:10:44","slug":"flex-collection-autumnwinter-2016","status":"publish","type":"post","link":"https:\/\/www.muzsik.hu\/index.php\/2016\/11\/01\/flex-collection-autumnwinter-2016\/","title":{"rendered":"FLEX COLLECTION Autumn\/Winter 2016"},"content":{"rendered":"<div><img loading=\"lazy\" class=\"alignleft wp-image-945 size-medium\" src=\"http:\/\/www.muzsik.hu\/wp-content\/uploads\/2016\/11\/EL2016_T1_GENDERLESS_CATWALK_DOMINIKA_01_261_v2-300x225.jpeg\" alt=\"el2016_t1_genderless_catwalk_dominika_01_261_v2\" width=\"300\" height=\"225\" srcset=\"https:\/\/www.muzsik.hu\/wp-content\/uploads\/2016\/11\/EL2016_T1_GENDERLESS_CATWALK_DOMINIKA_01_261_v2-300x225.jpeg 300w, https:\/\/www.muzsik.hu\/wp-content\/uploads\/2016\/11\/EL2016_T1_GENDERLESS_CATWALK_DOMINIKA_01_261_v2-768x576.jpeg 768w, https:\/\/www.muzsik.hu\/wp-content\/uploads\/2016\/11\/EL2016_T1_GENDERLESS_CATWALK_DOMINIKA_01_261_v2.jpeg 800w\" sizes=\"(max-width: 300px) 100vw, 300px\" \/>FLEX COLLECTION<img loading=\"lazy\" class=\"alignright size-medium wp-image-949\" src=\"http:\/\/www.muzsik.hu\/wp-content\/uploads\/2016\/11\/EL2016_T3_KOOLBLONDS_CATWALK_SILLE_01_046_p-225x300.jpeg\" alt=\"el2016_t3_koolblonds_catwalk_sille_01_046_p\" width=\"225\" height=\"300\" srcset=\"https:\/\/www.muzsik.hu\/wp-content\/uploads\/2016\/11\/EL2016_T3_KOOLBLONDS_CATWALK_SILLE_01_046_p-225x300.jpeg 225w, https:\/\/www.muzsik.hu\/wp-content\/uploads\/2016\/11\/EL2016_T3_KOOLBLONDS_CATWALK_SILLE_01_046_p-768x1024.jpeg 768w, https:\/\/www.muzsik.hu\/wp-content\/uploads\/2016\/11\/EL2016_T3_KOOLBLONDS_CATWALK_SILLE_01_046_p.jpeg 800w\" sizes=\"(max-width: 225px) 100vw, 225px\" \/><br \/>\nAutumn\/Winter 2016<br \/>\nA Schwarzkopf Professional semmit nem b\u00edz a v\u00e9letlenre: mindig t\u00f6k\u00e9letesen \u00f6sszehangolt divat trendekkel \u00e1ll el\u0151, melyek a teljes megjelen\u00e9sre helyezik a hangs\u00falyt. Ez az id\u00e9n sem t\u00f6rt\u00e9nt m\u00e1sk\u00e9nt. H\u00e1rom k\u00fcl\u00f6nb\u00f6z\u0151 st\u00edlust k\u00e9pzeltek el az \u0151szi-t\u00e9li kollekci\u00f3ban.<\/p>\n<p>KOOLBLONDS sz\u00ednei sz\u0151ke \u00e1rnyalatok, melyek az extra vil\u00e1gos \u00e9s jeges sz\u0151k\u00e9k, amik egyszer\u0171en ikonikuss\u00e1 teszik ezt a form\u00e1t ,eleg\u00e1ns \u00e9s volumend\u00fas st\u00edlusokat jellemez.Egy frizura, mely t\u00f6bb korszak meghat\u00e1roz\u00f3 eleme volt \u2013 \u00e9s k\u00e9ts\u00e9gk\u00edv\u00fcl a mai kor divatja is. Visel\u00e9se magabiztoss\u00e1got sugall. Ebben a szezonban a legvil\u00e1gosabb sz\u0151ke a kifinomults\u00e1got \u00e9s el\u0151kel\u0151s\u00e9get t\u00fckr\u00f6zi, b\u00e1rhol jelenjen is meg.<\/p>\n<p><img loading=\"lazy\" class=\"alignleft size-medium wp-image-948\" src=\"http:\/\/www.muzsik.hu\/wp-content\/uploads\/2016\/11\/EL2016_T2_ATHLEISURE_SALON_LEYLA_01_035_p_v2-205x300.jpeg\" alt=\"el2016_t2_athleisure_salon_leyla_01_035_p_v2\" width=\"205\" height=\"300\" srcset=\"https:\/\/www.muzsik.hu\/wp-content\/uploads\/2016\/11\/EL2016_T2_ATHLEISURE_SALON_LEYLA_01_035_p_v2-205x300.jpeg 205w, https:\/\/www.muzsik.hu\/wp-content\/uploads\/2016\/11\/EL2016_T2_ATHLEISURE_SALON_LEYLA_01_035_p_v2-768x1123.jpeg 768w, https:\/\/www.muzsik.hu\/wp-content\/uploads\/2016\/11\/EL2016_T2_ATHLEISURE_SALON_LEYLA_01_035_p_v2-700x1024.jpeg 700w, https:\/\/www.muzsik.hu\/wp-content\/uploads\/2016\/11\/EL2016_T2_ATHLEISURE_SALON_LEYLA_01_035_p_v2.jpeg 800w\" sizes=\"(max-width: 205px) 100vw, 205px\" \/>GENDERLESS a felt\u0171n\u0151en f\u00e9rfiasra siker\u00fclt r\u00f6vid \u00e9s mer\u00e9sz forma. A nemtelens\u00e9g vagy az androg\u00fcnit\u00e1s jegy\u00e9ben a frizura er\u0151t sug\u00e1roz. Van benne l\u00e1zad\u00e1s \u00e9s ir\u00e1ny\u00edtott b\u00e1tor text\u00fara illetve zsel\u00e9zett verzi\u00f3ban is hordhat\u00f3, de v\u00e9gig \u00fcgyel a nonkonformista hat\u00e1sra.<\/p>\n<p>ATHLEISURE st\u00edlus sportosan k\u00f6nnyed, lend\u00fcletes \u00e9s kreat\u00edv, mott\u00f3ja a &#8220;gymwear&#8221;.<br \/>\nIlyen az, amikor a divat \u00e9s a fitnesz \u00f6ssze\u00e9r. A form\u00e1k r\u00f6vid \u00e9s f\u00e9lhossz\u00fa, t\u00e9pett \u00e9s laza, hanyagul sikkesek. A v\u00f6r\u00f6s sz\u00ednek jellemzik.<img loading=\"lazy\" class=\"alignright size-medium wp-image-946\" src=\"http:\/\/www.muzsik.hu\/wp-content\/uploads\/2016\/11\/EL2016_T1_GENDERLESS_SALON_MILENA_01_035-225x300.jpeg\" alt=\"el2016_t1_genderless_salon_milena_01_035\" width=\"225\" height=\"300\" srcset=\"https:\/\/www.muzsik.hu\/wp-content\/uploads\/2016\/11\/EL2016_T1_GENDERLESS_SALON_MILENA_01_035-225x300.jpeg 225w, https:\/\/www.muzsik.hu\/wp-content\/uploads\/2016\/11\/EL2016_T1_GENDERLESS_SALON_MILENA_01_035-768x1024.jpeg 768w, https:\/\/www.muzsik.hu\/wp-content\/uploads\/2016\/11\/EL2016_T1_GENDERLESS_SALON_MILENA_01_035.jpeg 800w\" sizes=\"(max-width: 225px) 100vw, 225px\" \/><\/div>\n","protected":false},"excerpt":{"rendered":"<p>FLEX COLLECTION Autumn\/Winter 2016 A Schwarzkopf Professional semmit nem b\u00edz a v\u00e9letlenre: mindig t\u00f6k\u00e9letesen \u00f6sszehangolt divat trendekkel \u00e1ll el\u0151, melyek a teljes megjelen\u00e9sre helyezik a hangs\u00falyt. Ez az id\u00e9n sem [&hellip;]<\/p>\n","protected":false},"author":1,"featured_media":950,"comment_status":"closed","ping_status":"open","sticky":false,"template":"","format":"standard","meta":[],"categories":[1],"tags":[],"_links":{"self":[{"href":"https:\/\/www.muzsik.hu\/index.php\/wp-json\/wp\/v2\/posts\/933"}],"collection":[{"href":"https:\/\/www.muzsik.hu\/index.php\/wp-json\/wp\/v2\/posts"}],"about":[{"href":"https:\/\/www.muzsik.hu\/index.php\/wp-json\/wp\/v2\/types\/post"}],"author":[{"embeddable":true,"href":"https:\/\/www.muzsik.hu\/index.php\/wp-json\/wp\/v2\/users\/1"}],"replies":[{"embeddable":true,"href":"https:\/\/www.muzsik.hu\/index.php\/wp-json\/wp\/v2\/comments?post=933"}],"version-history":[{"count":3,"href":"https:\/\/www.muzsik.hu\/index.php\/wp-json\/wp\/v2\/posts\/933\/revisions"}],"predecessor-version":[{"id":953,"href":"https:\/\/www.muzsik.hu\/index.php\/wp-json\/wp\/v2\/posts\/933\/revisions\/953"}],"wp:featuredmedia":[{"embeddable":true,"href":"https:\/\/www.muzsik.hu\/index.php\/wp-json\/wp\/v2\/media\/950"}],"wp:attachment":[{"href":"https:\/\/www.muzsik.hu\/index.php\/wp-json\/wp\/v2\/media?parent=933"}],"wp:term":[{"taxonomy":"category","embeddable":true,"href":"https:\/\/www.muzsik.hu\/index.php\/wp-json\/wp\/v2\/categories?post=933"},{"taxonomy":"post_tag","embeddable":true,"href":"https:\/\/www.muzsik.hu\/index.php\/wp-json\/wp\/v2\/tags?post=933"}],"curies":[{"name":"wp","href":"https:\/\/api.w.org\/{rel}","templated":true}]}}