{"id":784,"date":"2016-05-03T18:27:48","date_gmt":"2016-05-03T18:27:48","guid":{"rendered":"http:\/\/www.muzsik.hu\/?p=784"},"modified":"2016-05-03T18:27:48","modified_gmt":"2016-05-03T18:27:48","slug":"ekszerek-a-hajba-hajra","status":"publish","type":"post","link":"https:\/\/www.muzsik.hu\/index.php\/2016\/05\/03\/ekszerek-a-hajba-hajra\/","title":{"rendered":"\u00c9kszerek a hajba, hajra"},"content":{"rendered":"<p><img loading=\"lazy\" class=\"wp-image-785 alignleft\" src=\"http:\/\/www.muzsik.hu\/wp-content\/uploads\/2016\/05\/unnamed.png\" alt=\"unnamed\" width=\"307\" height=\"302\" srcset=\"https:\/\/www.muzsik.hu\/wp-content\/uploads\/2016\/05\/unnamed.png 598w, https:\/\/www.muzsik.hu\/wp-content\/uploads\/2016\/05\/unnamed-300x295.png 300w\" sizes=\"(max-width: 307px) 100vw, 307px\" \/><a href=\"http:\/\/www.muzsik.hu\/wp-content\/uploads\/2016\/03\/IMG_6153.jpg\"><img loading=\"lazy\" class=\"wp-image-705 alignright\" src=\"http:\/\/www.muzsik.hu\/wp-content\/uploads\/2016\/03\/IMG_6153.jpg\" alt=\"IMG_6153\" width=\"132\" height=\"132\" srcset=\"https:\/\/www.muzsik.hu\/wp-content\/uploads\/2016\/03\/IMG_6153.jpg 900w, https:\/\/www.muzsik.hu\/wp-content\/uploads\/2016\/03\/IMG_6153-150x150.jpg 150w, https:\/\/www.muzsik.hu\/wp-content\/uploads\/2016\/03\/IMG_6153-300x300.jpg 300w, https:\/\/www.muzsik.hu\/wp-content\/uploads\/2016\/03\/IMG_6153-480x480.jpg 480w, https:\/\/www.muzsik.hu\/wp-content\/uploads\/2016\/03\/IMG_6153-720x720.jpg 720w\" sizes=\"(max-width: 132px) 100vw, 132px\" \/><\/a>F\u00e9rjhez megy a bar\u00e1tn\u0151d? Sz\u00fclet\u00e9snapi partira vagy hivatalos? Szeretn\u00e9l valami egyszer\u0171, \u00e1m ann\u00e1l l\u00e1tv\u00e1nyosabb vizu\u00e1lis ingert csemp\u00e9szi a megjelen\u00e9sedbe? Tudod, hogy a cip\u0151d csillog\u00f3 ez\u00fcstje ne csak a t\u00e1sk\u00e1d csatj\u00e1val harmoniz\u00e1ljon, hanem p\u00e9ld\u00e1ul a hajaddal is. Nem, ehhez speciel nem sz\u00fcks\u00e9ges profi k\u00e9z, \u00fagyhogy nincs vil\u00e1gv\u00e9ge, ha a fodr\u00e1szod \u00e9ppen nem \u00e9r a vas\u00e1rnapi piknikre csod\u00e1s frizur\u00e1t var\u00e1zsolni neked. Ezekkel a kieg\u00e9sz\u00edt\u0151kkel eg\u00e9sz biztos, hogy mindenki r\u00e1d figyel majd!<\/p>\n<p><strong>Tetov\u00e1ld ki a hajadat, matric\u00e1zd fel a tincseid!<br \/>\n<\/strong><\/p>\n<p>A tavalyi ny\u00e1r nagy sl\u00e1gerei voltak a k\u00fcl\u00f6nf\u00e9le arany \u00e9s ez\u00fcst tetov\u00e1l\u00e1sok, melyeket a leg\u00fajabb \u0151r\u00fclet szerint m\u00e1r a hajadon is viselhetsz! A tetov\u00e1l\u00e1st egyszer\u0171en sim\u00edtsd r\u00e1 a tincseidre, majd egy kinyomkodott, nedves vattakoronggal \u00e1ztasd fel. Nem t\u00fal j\u00f3, ha a hajad is vizes lesz, \u00fagyhogy igyekezz nem nagyon el\u00e1ztatni! Ha mindezzel megvagy, nincs is m\u00e1s dolgod, min<img loading=\"lazy\" class=\" wp-image-786 alignright\" src=\"http:\/\/www.muzsik.hu\/wp-content\/uploads\/2016\/05\/unnamed-1.jpg\" alt=\"unnamed (1)\" width=\"378\" height=\"362\" srcset=\"https:\/\/www.muzsik.hu\/wp-content\/uploads\/2016\/05\/unnamed-1.jpg 1024w, https:\/\/www.muzsik.hu\/wp-content\/uploads\/2016\/05\/unnamed-1-300x287.jpg 300w\" sizes=\"(max-width: 378px) 100vw, 378px\" \/>thogy leh\u00fazd a pap\u00edrt a tetov\u00e1l\u00e1sr\u00f3l, \u00e9s egy\u00fctt ragyogjatok \u2013 eg\u00e9sz \u00e9jszaka! A tetov\u00e1l\u00e1s term\u00e9szetesen nem k\u00e1ros\u00edtja a hajadat, \u00e9s a k\u00f6vetkez\u0151 hajmos\u00e1skor \u2013 b\u00e1r lehet, hogy kicsit t\u00f6bb id\u0151t vesz majd ig\u00e9nybe, mint a szok\u00e1sos rutin \u2013 k\u00f6nnyed\u00e9n elt\u00e1vol\u00edthat\u00f3.<\/p>\n<p><strong>Csillog-villog: Swarovski-frizura h\u00e1zilag<\/strong><\/p>\n<p>Keresve sem tal\u00e1ln\u00e1l egy tavaszi-ny\u00e1ri esk\u00fcv\u0151n\u00e9l jobb alkalmat arra, hogy csillog\u00f3 Swarovski haj\u00e9kszerekkel d\u00edsz\u00edtsd a frizur\u00e1dat. Ezeket a k\u00f6veket nagyon v\u00e9kony, l\u00e1thatatlan sz\u00e1lakra f\u0171zt\u00e9k fel, neked csak annyi a dolgot, hogy a f\u00fcz\u00e9rt beleilleszd a k\u00e9sz frizur\u00e1dba, majd egy-k\u00e9t hull\u00e1mcsattal biztosan r\u00f6gz\u00edtsd. Ha nem akarsz csatokkal b\u00edbel\u0151dni, akkor lapvassal is a hajadra var\u00e1zsolhatod a k\u00f6veket. Ennek az a h\u00e1tr\u00e1nya, hogy a h\u0151hat\u00e1s miatt kicsit k\u00e1rosodhatnak a hajsz\u00e1laid, valamint \u00edgy a k\u00f6veket is csak egyszer tudod felhaszn\u00e1lni \u2013 de h\u00e1t j\u00f3 esetben egyszer k\u00f6tik be az ember legjobb bar\u00e1tn\u0151j\u00e9nek a fej\u00e9t!<\/p>\n<p><strong><a href=\"http:\/\/www.muzsik.hu\/wp-content\/uploads\/2016\/05\/unnamed-2.jpg\"><img loading=\"lazy\" class=\"wp-image-787 alignleft\" src=\"http:\/\/www.muzsik.hu\/wp-content\/uploads\/2016\/05\/unnamed-2.jpg\" alt=\"unnamed (2)\" width=\"223\" height=\"335\" srcset=\"https:\/\/www.muzsik.hu\/wp-content\/uploads\/2016\/05\/unnamed-2.jpg 600w, https:\/\/www.muzsik.hu\/wp-content\/uploads\/2016\/05\/unnamed-2-200x300.jpg 200w\" sizes=\"(max-width: 223px) 100vw, 223px\" \/><\/a> Sat\u00edrozd magad sz\u00ednesre hajkr\u00e9t\u00e1val!<\/strong><\/p>\n<p>A hajkr\u00e9ta igazi m\u00e1gikus kell\u00e9k: nagyon gyorsan, \u00e9s gyakorlatilag b\u00e1rmilyen sz\u00ednt felvihetsz vele a hajadra. A haszn\u00e1lata pofonegyszer\u0171, minim\u00e1lis k\u00e9z\u00fcgyess\u00e9gre van csak sz\u00fcks\u00e9g hozz\u00e1. \u00c9pp annyira, hogy k\u00fcl\u00f6n tudd fogni azt a tincset, amit szeretn\u00e9l megsz\u00ednezni. Ha ezzel megvagy, h\u00fazd rajta v\u00e9gig n\u00e9h\u00e1nyszor a kr\u00e9t\u00e1t! Amennyiben el\u00e9g id\u0151t sz\u00e1nsz a k\u00e9sz\u00fcl\u0151d\u00e9sre, nem csup\u00e1n n\u00e9h\u00e1ny sz\u00ednes f\u00fcrt\u00f6t, de sz\u00edn\u00e1tmeneteket is k\u00e9sz\u00edthetsz magadnak. A v\u00e9g\u00e9n fix\u00e1ld a frizur\u00e1d hajlakkal, \u00edgy sokkal tart\u00f3sabb lesz az eredm\u00e9ny! Nem k\u00e1ros\u00edtod vele a tincseidet, r\u00e1ad\u00e1sul a k\u00f6vetkez\u0151 hajmos\u00e1sn\u00e1l k\u00f6nnyed\u00e9n b\u00facs\u00fat is inthetsz neki. Figyelj oda r\u00e1, hogy mivel nem tart\u00f3s fest\u00e9sr\u0151l van sz\u00f3, hanem fel\u00fcleti sz\u00ednez\u00e9sr\u0151l, a vil\u00e1gos ruh\u00e1dat megfoghatja a kr\u00e9ta, k\u00fcl\u00f6n\u00f6sen, ha picit megizzadsz a buli hev\u00e9ben.<img loading=\"lazy\" class=\"wp-image-788 alignright\" src=\"http:\/\/www.muzsik.hu\/wp-content\/uploads\/2016\/05\/unnamed.jpg\" alt=\"unnamed\" width=\"189\" height=\"239\" srcset=\"https:\/\/www.muzsik.hu\/wp-content\/uploads\/2016\/05\/unnamed.jpg 792w, https:\/\/www.muzsik.hu\/wp-content\/uploads\/2016\/05\/unnamed-238x300.jpg 238w\" sizes=\"(max-width: 189px) 100vw, 189px\" \/><br \/>\n<a href=\"http:\/\/www.muzsik.hu\/wp-content\/uploads\/2016\/05\/unnamed-2.jpg\"><br \/>\n<\/a><\/p>\n<p>Ha ink\u00e1bb az egyszer\u0171s\u00e9g h\u00edve vagy, \u00e9s nem szeretn\u00e9d megsz\u00ednezni, kitetov\u00e1lni, vagy csill\u00e1ml\u00f3, sz\u00ednes spray-kkel \u00e1tsz\u00ednezni a hajadat, hagyom\u00e1nyos m\u00f3don is d\u00edsz\u00edtheted a tincseidet! Ilyenkor a k\u00fcl\u00f6nf\u00e9le hajcsatok \u00e9s p\u00e1ntok mellett olyan nem h\u00e9tk\u00f6znapi d\u00edszeket is bevethetsz a c\u00e9l \u00e9rdek\u00e9ben, mint p\u00e9ld\u00e1ul egy nyakl\u00e1nc, amit kor\u00e1bban v\u00e9letlen\u00fcl elszak\u00edtott\u00e1l, de nem volt sz\u00edved kidobni. Ezt most hozz\u00e1f\u0171zheted a kontyodhoz, melyet a kedvenc med\u00e1loddal m\u00e9g ink\u00e1bb feldobhatsz.<\/p>\n","protected":false},"excerpt":{"rendered":"<p>F\u00e9rjhez megy a bar\u00e1tn\u0151d? Sz\u00fclet\u00e9snapi partira vagy hivatalos? Szeretn\u00e9l valami egyszer\u0171, \u00e1m ann\u00e1l l\u00e1tv\u00e1nyosabb vizu\u00e1lis ingert csemp\u00e9szi a megjelen\u00e9sedbe? Tudod, hogy a cip\u0151d csillog\u00f3 ez\u00fcstje ne csak a t\u00e1sk\u00e1d csatj\u00e1val [&hellip;]<\/p>\n","protected":false},"author":1,"featured_media":787,"comment_status":"closed","ping_status":"open","sticky":false,"template":"","format":"standard","meta":[],"categories":[8],"tags":[],"_links":{"self":[{"href":"https:\/\/www.muzsik.hu\/index.php\/wp-json\/wp\/v2\/posts\/784"}],"collection":[{"href":"https:\/\/www.muzsik.hu\/index.php\/wp-json\/wp\/v2\/posts"}],"about":[{"href":"https:\/\/www.muzsik.hu\/index.php\/wp-json\/wp\/v2\/types\/post"}],"author":[{"embeddable":true,"href":"https:\/\/www.muzsik.hu\/index.php\/wp-json\/wp\/v2\/users\/1"}],"replies":[{"embeddable":true,"href":"https:\/\/www.muzsik.hu\/index.php\/wp-json\/wp\/v2\/comments?post=784"}],"version-history":[{"count":1,"href":"https:\/\/www.muzsik.hu\/index.php\/wp-json\/wp\/v2\/posts\/784\/revisions"}],"predecessor-version":[{"id":789,"href":"https:\/\/www.muzsik.hu\/index.php\/wp-json\/wp\/v2\/posts\/784\/revisions\/789"}],"wp:featuredmedia":[{"embeddable":true,"href":"https:\/\/www.muzsik.hu\/index.php\/wp-json\/wp\/v2\/media\/787"}],"wp:attachment":[{"href":"https:\/\/www.muzsik.hu\/index.php\/wp-json\/wp\/v2\/media?parent=784"}],"wp:term":[{"taxonomy":"category","embeddable":true,"href":"https:\/\/www.muzsik.hu\/index.php\/wp-json\/wp\/v2\/categories?post=784"},{"taxonomy":"post_tag","embeddable":true,"href":"https:\/\/www.muzsik.hu\/index.php\/wp-json\/wp\/v2\/tags?post=784"}],"curies":[{"name":"wp","href":"https:\/\/api.w.org\/{rel}","templated":true}]}}