{"id":768,"date":"2016-04-26T13:43:28","date_gmt":"2016-04-26T13:43:28","guid":{"rendered":"http:\/\/www.muzsik.hu\/?p=768"},"modified":"2016-04-26T13:54:49","modified_gmt":"2016-04-26T13:54:49","slug":"vizeseses-fonott-konty-nem-csak-alkalmakra","status":"publish","type":"post","link":"https:\/\/www.muzsik.hu\/index.php\/2016\/04\/26\/vizeseses-fonott-konty-nem-csak-alkalmakra\/","title":{"rendered":"V\u00edzes\u00e9ses fonott konty \u2013 Nem csak alkalmakra!"},"content":{"rendered":"<h6 style=\"font-weight: 500;\"><img loading=\"lazy\" class=\"wp-image-770 alignright\" src=\"http:\/\/www.muzsik.hu\/wp-content\/uploads\/2016\/04\/IMG_5602.jpg\" alt=\"IMG_5602\" width=\"412\" height=\"275\" srcset=\"https:\/\/www.muzsik.hu\/wp-content\/uploads\/2016\/04\/IMG_5602.jpg 2248w, https:\/\/www.muzsik.hu\/wp-content\/uploads\/2016\/04\/IMG_5602-300x200.jpg 300w, https:\/\/www.muzsik.hu\/wp-content\/uploads\/2016\/04\/IMG_5602-1024x683.jpg 1024w, https:\/\/www.muzsik.hu\/wp-content\/uploads\/2016\/04\/IMG_5602-1144x763.jpg 1144w\" sizes=\"(max-width: 412px) 100vw, 412px\" \/>Ha sz\u00edvesen hordod \u00f6sszefogva,\u00a0kontyban a hajadat, de m\u00e1r unod a megszokott f\u00e1nk technik\u00e1t, akkor most mutatok neked egy\u00a0romantikus fonott v\u00e1ltozatot, amit garant\u00e1ltan im\u00e1dni fogsz!<\/h6>\n<h2 style=\"font-weight: 500;\">F\u00fcgg\u0151leges elv\u00e1laszt\u00e1s<\/h2>\n<p>Els\u0151 l\u00e9p\u00e9sben el kell v\u00e1lasztanod a frizur\u00e1t egyharmad-k\u00e9tharmad ar\u00e1nyban.<\/p>\n<p>A baloldalon l\u00e9v\u0151,\u00a0<b>egyharmadnyi r\u00e9szt kell k\u00fcl\u00f6n \u00f6sszefognod<\/b>, a frizur\u00e1d nagyobb r\u00e9sz\u00e9t pedig egyel\u0151re hagyd szabadon.<\/p>\n<p>A c\u00e9lra haszn\u00e1lj egy\u00a0<b>v\u00e9kony hajgumit<\/b>, ugyanis a k\u00e9s\u0151bbiekben el kell majd rejtened a r\u00f6gz\u00edt\u00e9st annak \u00e9rdek\u00e9ben, hogy l\u00e1tv\u00e1nyos eredm\u00e9nyt \u00e9rhess el.<\/p>\n<h2 style=\"font-weight: 500;\">Kezdd el a parkettafon\u00e1st<\/h2>\n<p>Most j\u00f6n a frizura legbonyolultabb r\u00e9sze, ugyanis el\u0151 kell venned a fon\u00e1si tudom\u00e1nyodat!<\/p>\n<p>A szabadon hagyott\u00a0k\u00e9tharmadnyi r\u00e9szt kell\u00a0<b>el\u00f6lr\u0151l h\u00e1trafel\u00e9\u00a0<\/b>parkettafon\u00e1sban befonnod.<\/p>\n<p>L\u00e9nyeges, hogy a fonatnak a kor\u00e1bban r\u00f6gz\u00edtett,<b>\u00a0kisebb l\u00f3farok fel\u00e9 kell \u00edvelnie<\/b>, teh\u00e1t ne egyenesen, hanem\u00a0<b>oldalir\u00e1nyban\u00a0<\/b>fonj!<\/p>\n<h2 style=\"font-weight: 500;\"><a href=\"http:\/\/www.muzsik.hu\/wp-content\/uploads\/2016\/04\/IMG_6641.jpg\"><img loading=\"lazy\" class=\"alignleft wp-image-769\" src=\"http:\/\/www.muzsik.hu\/wp-content\/uploads\/2016\/04\/IMG_6641.jpg\" alt=\"IMG_6641\" width=\"429\" height=\"429\" srcset=\"https:\/\/www.muzsik.hu\/wp-content\/uploads\/2016\/04\/IMG_6641.jpg 1920w, https:\/\/www.muzsik.hu\/wp-content\/uploads\/2016\/04\/IMG_6641-150x150.jpg 150w, https:\/\/www.muzsik.hu\/wp-content\/uploads\/2016\/04\/IMG_6641-300x300.jpg 300w, https:\/\/www.muzsik.hu\/wp-content\/uploads\/2016\/04\/IMG_6641-1024x1024.jpg 1024w, https:\/\/www.muzsik.hu\/wp-content\/uploads\/2016\/04\/IMG_6641-480x480.jpg 480w, https:\/\/www.muzsik.hu\/wp-content\/uploads\/2016\/04\/IMG_6641-720x720.jpg 720w, https:\/\/www.muzsik.hu\/wp-content\/uploads\/2016\/04\/IMG_6641-1144x1144.jpg 1144w\" sizes=\"(max-width: 429px) 100vw, 429px\" \/><\/a>\u00cdveld a l\u00f3farok fel\u00e9<\/h2>\n<p>Ahogy el\u00e9rted a hajgumit, v\u00e1lts hagyom\u00e1nyos<b>\u00a0h\u00e1rmas fon\u00e1sra<\/b>!<\/p>\n<p>A tincset\u00a0<b>a<\/b>\u00a0<b>hajgumi felett vezesd<\/b><b>tov\u00e1bb<\/b>, majd miut\u00e1n v\u00e9gigfontad, k\u00f6sd meg a v\u00e9g\u00e9t egy kism\u00e9ret\u0171 hajgumival.<\/p>\n<p>A k\u00f6vetkez\u0151 l\u00e9p\u00e9sben t\u00e9rj vissza az els\u0151 l\u00f3farokhoz!<\/p>\n<h2 style=\"font-weight: 500;\">K\u00e9sz\u00edtsd el a copfot<\/h2>\n<p>A copfot\u00a0<b>az ujjaidra tekerd fel<\/b>, laz\u00e1n hajtsd vissza, majd\u00a0<b>rendezetlen\u00fcl t\u0171zd le<\/b>\u00a0a r\u00f6gz\u00edt\u00e9s t\u00f6v\u00e9ben!<\/p>\n<p>Ennek a technik\u00e1nak k\u00f6sz\u00f6nhet\u0151en egy l\u00e1gy es\u00e9s\u0171,\u00a0<b>sz\u00e9pen \u00edvelt kontyot<\/b>kapsz.<\/p>\n<p>N\u00e9h\u00e1ny sz\u00e1lat \u00e9s kisebb tincset<b>\u00a0h\u00fazz ki<\/b>\u00a0a r\u00f6gz\u00edt\u00e9sb\u0151l, \u00edgy sokkal term\u00e9szetesebb,\u00a0<b>k\u00f3cosabb \u00e9s laz\u00e1bb<\/b>lesz az \u00f6sszhat\u00e1s, ami a frizura eg\u00e9sz\u00e9t tekintve nagyon fontos.<\/p>\n<h2 style=\"font-weight: 500;\">J\u00f6hetnek az utols\u00f3 sim\u00edt\u00e1sok<\/h2>\n<p>Amint elk\u00e9sz\u00fclt\u00e9l a konttyal, ism\u00e9t a\u00a0<b>fonattal<\/b>\u00a0kell egy keveset foglalkoznod.<\/p>\n<p>Az utols\u00f3 f\u00e1zisban a h\u00e1rmas fon\u00e1ssal k\u00e9sz\u00fclt sz\u00e1lakat \u00f3vatosan h\u00fazd sz\u00e9t,<b>laz\u00edtsd meg<\/b>, majd a fonat v\u00e9g\u00e9t<b>\u00edveld \u00e1t a konty alatt\u00a0<\/b>\u00e9s t\u0171zd le.<\/p>\n<p>R\u00f6gz\u00edtsd\u00a0<b>hajlakkal<\/b>\u00a0a csodasz\u00e9p frizur\u00e1d, \u00e9s m\u00e1r k\u00e9szen is vagy!<\/p>\n","protected":false},"excerpt":{"rendered":"<p>Ha sz\u00edvesen hordod \u00f6sszefogva,\u00a0kontyban a hajadat, de m\u00e1r unod a megszokott f\u00e1nk technik\u00e1t, akkor most mutatok neked egy\u00a0romantikus fonott v\u00e1ltozatot, amit garant\u00e1ltan im\u00e1dni fogsz! F\u00fcgg\u0151leges elv\u00e1laszt\u00e1s Els\u0151 l\u00e9p\u00e9sben el kell [&hellip;]<\/p>\n","protected":false},"author":1,"featured_media":770,"comment_status":"closed","ping_status":"open","sticky":false,"template":"","format":"standard","meta":[],"categories":[8],"tags":[],"_links":{"self":[{"href":"https:\/\/www.muzsik.hu\/index.php\/wp-json\/wp\/v2\/posts\/768"}],"collection":[{"href":"https:\/\/www.muzsik.hu\/index.php\/wp-json\/wp\/v2\/posts"}],"about":[{"href":"https:\/\/www.muzsik.hu\/index.php\/wp-json\/wp\/v2\/types\/post"}],"author":[{"embeddable":true,"href":"https:\/\/www.muzsik.hu\/index.php\/wp-json\/wp\/v2\/users\/1"}],"replies":[{"embeddable":true,"href":"https:\/\/www.muzsik.hu\/index.php\/wp-json\/wp\/v2\/comments?post=768"}],"version-history":[{"count":2,"href":"https:\/\/www.muzsik.hu\/index.php\/wp-json\/wp\/v2\/posts\/768\/revisions"}],"predecessor-version":[{"id":772,"href":"https:\/\/www.muzsik.hu\/index.php\/wp-json\/wp\/v2\/posts\/768\/revisions\/772"}],"wp:featuredmedia":[{"embeddable":true,"href":"https:\/\/www.muzsik.hu\/index.php\/wp-json\/wp\/v2\/media\/770"}],"wp:attachment":[{"href":"https:\/\/www.muzsik.hu\/index.php\/wp-json\/wp\/v2\/media?parent=768"}],"wp:term":[{"taxonomy":"category","embeddable":true,"href":"https:\/\/www.muzsik.hu\/index.php\/wp-json\/wp\/v2\/categories?post=768"},{"taxonomy":"post_tag","embeddable":true,"href":"https:\/\/www.muzsik.hu\/index.php\/wp-json\/wp\/v2\/tags?post=768"}],"curies":[{"name":"wp","href":"https:\/\/api.w.org\/{rel}","templated":true}]}}