{"id":731,"date":"2016-04-11T09:45:13","date_gmt":"2016-04-11T09:45:13","guid":{"rendered":"http:\/\/www.muzsik.hu\/?p=731"},"modified":"2016-04-11T11:14:24","modified_gmt":"2016-04-11T11:14:24","slug":"hasznald-ki-az-adottsagaid-tudd-milyen-tipusu-a-hajad-es-a-fejborod","status":"publish","type":"post","link":"https:\/\/www.muzsik.hu\/index.php\/2016\/04\/11\/hasznald-ki-az-adottsagaid-tudd-milyen-tipusu-a-hajad-es-a-fejborod\/","title":{"rendered":"Haszn\u00e1ld ki az adotts\u00e1gaid: tudd milyen t\u00edpus\u00fa a hajad \u00e9s a fejb\u0151r\u00f6d!"},"content":{"rendered":"<p><a href=\"http:\/\/www.muzsik.hu\/wp-content\/uploads\/2016\/03\/IMG_6153.jpg\"><img loading=\"lazy\" class=\" wp-image-705 alignright\" src=\"http:\/\/www.muzsik.hu\/wp-content\/uploads\/2016\/03\/IMG_6153-300x300.jpg\" alt=\"IMG_6153\" width=\"124\" height=\"124\" srcset=\"https:\/\/www.muzsik.hu\/wp-content\/uploads\/2016\/03\/IMG_6153-300x300.jpg 300w, https:\/\/www.muzsik.hu\/wp-content\/uploads\/2016\/03\/IMG_6153-150x150.jpg 150w, https:\/\/www.muzsik.hu\/wp-content\/uploads\/2016\/03\/IMG_6153-480x480.jpg 480w, https:\/\/www.muzsik.hu\/wp-content\/uploads\/2016\/03\/IMG_6153-720x720.jpg 720w, https:\/\/www.muzsik.hu\/wp-content\/uploads\/2016\/03\/IMG_6153.jpg 900w\" sizes=\"(max-width: 124px) 100vw, 124px\" \/><\/a>\u00a0\u00a0 Muzsik Edina \u00e9s Muzsik Tibor \u00e1prilis 6-\u00e1n este ism\u00e9t rendk\u00edv\u00fcl sz\u00f3rakoztat\u00f3 m\u00f3don vezette be az \u00e9rdekl\u0151d\u0151ket a haj\u00e1pol\u00e1s fort\u00e9lyaiba. A <a href=\"http:\/\/hellobella.hu\" target=\"_blank\">hellobella.hu<\/a> \u00e9s a Schwarzkopf Professional ingyenes k\u00e9pz\u00e9s\u00e9n ez\u00fattal arr\u00f3l folyt a diskurzus, kinek milyen t\u00edpus\u00fa a fejb\u0151re, a haja, \u00e9s hogyan \u00e1polja helyesen.<\/p>\n<p>A<a href=\"http:\/\/www.muzsik.hu\/wp-content\/uploads\/2016\/04\/IMG_6494.jpg\"><img loading=\"lazy\" class=\"size-medium wp-image-732 alignleft\" src=\"http:\/\/www.muzsik.hu\/wp-content\/uploads\/2016\/04\/IMG_6494-261x300.jpg\" alt=\"IMG_6494\" width=\"261\" height=\"300\" srcset=\"https:\/\/www.muzsik.hu\/wp-content\/uploads\/2016\/04\/IMG_6494-261x300.jpg 261w, https:\/\/www.muzsik.hu\/wp-content\/uploads\/2016\/04\/IMG_6494.jpg 800w\" sizes=\"(max-width: 261px) 100vw, 261px\" \/><\/a>ki eddig kihagyta a Hellobella t\u00f6bbnyire heti rendszeress\u00e9g\u0171 k\u00e9pz\u00e9seit a Schwarzkopf Professional ASK Akad\u00e9mi\u00e1n, az nemcsak sok-sok \u00e9s szem\u00e9lyre szabott szakmai tan\u00e1cst\u00f3l esett el, de egy kellemes, m\u00e1r-m\u00e1r interakt\u00edv sz\u00ednh\u00e1zi est \u00e9lm\u00e9ny\u00e9vel is szeg\u00e9nyebb maradt. Tegnap este p\u00e9ld\u00e1ul a Muzsik testv\u00e9rp\u00e1r ism\u00e9t megmutatta, hogyan lehet \u00fagy szakmai el\u0151ad\u00e1st tartani, hogy a jelenl\u00e9v\u0151 h\u00f6lgyek k\u00f6zben guruljanak a nevet\u00e9st\u0151l, zsizsegjenek, mint egy csiripel\u0151 mad\u00e1rcsapat, merjenek k\u00e9rdezni, magukr\u00f3l mes\u00e9lni \u00e9s ki\u00e1llni a probl\u00e9m\u00e1jukkal a nyilv\u00e1noss\u00e1g el\u00e9. K\u00f6zvetlens\u00e9g\u00fckkel \u00e9s profizmusukkal pillanatok alatt olyan otthonos k\u00f6zeget teremtettek, ahol a kezdetben passz\u00edvan jelenl\u00e9v\u0151 hallgat\u00f3s\u00e1g egy csap\u00e1sra felold\u00f3dott, jelentkezett, v\u00e1laszolt, k\u00e9rdezett, \u00e9rtette a viccet, vette a lapot, \u00e9s a fejl\u0151d\u00e9s rem\u00e9ny\u00e9ben \u00f6nsz\u00e1nt\u00e1b\u00f3l beles\u00e9t\u00e1lt Tibor stand up comedy-t id\u00e9z\u0151 \u201ecsapda-jeleneteibe\u201d. A becsap\u00f3s feladv\u00e1nyokra \u00e9s a cs\u0151be h\u00faz\u00f3 k\u00e9rd\u00e9sekre \u00e9rkezett v\u00e1laszokb\u00f3l hamar kider\u00fclt, hogy m\u00e9g a legfelk\u00e9sz\u00fcltebb h\u00f6lgyek sincsenek igaz\u00e1n tiszt\u00e1ban saj\u00e1t hajuk milyens\u00e9g\u00e9vel. Edina \u00e9s Tibor el\u0151ad\u00e1sa ut\u00e1n szinte biztos, hogy mindenkiben hely\u00e9re ker\u00fcltek a probl\u00e9m\u00e1s \u00fcgyek, kitisztultak a k\u00e9telyek.<a href=\"http:\/\/www.muzsik.hu\/wp-content\/uploads\/2016\/04\/IMG_6496.jpg\"><img loading=\"lazy\" class=\"size-medium wp-image-734 alignright\" src=\"http:\/\/www.muzsik.hu\/wp-content\/uploads\/2016\/04\/IMG_6496-300x166.jpg\" alt=\"IMG_6496\" width=\"300\" height=\"166\" srcset=\"https:\/\/www.muzsik.hu\/wp-content\/uploads\/2016\/04\/IMG_6496-300x166.jpg 300w, https:\/\/www.muzsik.hu\/wp-content\/uploads\/2016\/04\/IMG_6496-1024x565.jpg 1024w, https:\/\/www.muzsik.hu\/wp-content\/uploads\/2016\/04\/IMG_6496-1144x631.jpg 1144w\" sizes=\"(max-width: 300px) 100vw, 300px\" \/><\/a><\/p>\n<p>Az a zseni\u00e1lis ezekben a k\u00e9pz\u00e9sekben, hogy nem \u00edg\u00e9rnek csod\u00e1t. Az el\u0151ad\u00e1sokat tart\u00f3 fodr\u00e1szmesterek, ahogyan tegnap Edina \u00e9s Tibor is tett\u00e9k, b\u00e1tran mondanak nagy \u00e9s hangos NEM-eket a lehetetlen k\u00e9r(d)\u00e9sekre. Azt tan\u00edtj\u00e1k meg, lehet\u0151s\u00e9g szerint szem\u00e9lyre szabottan, hogy az adotts\u00e1gaink ismeret\u00e9ben mik\u00e9nt tudjuk kihozni \u00f6nmagunkb\u00f3l \u00e9s a hajunkb\u00f3l a maximumot. Nem, ahol m\u00e1r a hajhull\u00e1st k\u00f6vet\u0151en \u00f6sszez\u00e1rt a fejb\u0151r, soha nem fog \u00faj haj n\u0151ni, ellenben a t\u00f6bbire olyan egyszer\u0171 praktik\u00e1kkal, mint folyad\u00e9kbevitel, vitaminszed\u00e9s \u00e9s professzion\u00e1lis haj\u00e1pol\u00f3k haszn\u00e1lata. A tegnapi nap egyik nagy tanuls\u00e1ga p\u00e9ld\u00e1ul, hogy tiszt\u00edtani mindig a fejb\u0151r\u00fcnket tiszt\u00edtsuk alaposabban. Persze ehhez tudnunk kell, hogy zs\u00edros, sz\u00e1raz vagy <a href=\"http:\/\/www.muzsik.hu\/wp-content\/uploads\/2016\/04\/IMG_6495.jpg\"><img loading=\"lazy\" class=\"size-medium wp-image-733 alignleft\" src=\"http:\/\/www.muzsik.hu\/wp-content\/uploads\/2016\/04\/IMG_6495-234x300.jpg\" alt=\"IMG_6495\" width=\"234\" height=\"300\" srcset=\"https:\/\/www.muzsik.hu\/wp-content\/uploads\/2016\/04\/IMG_6495-234x300.jpg 234w, https:\/\/www.muzsik.hu\/wp-content\/uploads\/2016\/04\/IMG_6495-798x1024.jpg 798w, https:\/\/www.muzsik.hu\/wp-content\/uploads\/2016\/04\/IMG_6495.jpg 800w\" sizes=\"(max-width: 234px) 100vw, 234px\" \/><\/a>korp\u00e1s! Persze a fodr\u00e1sz testv\u00e9rek sorra vett\u00e9k azokat a professzion\u00e1lis Schwarzkopf Professional-term\u00e9keket is, melyekkel sok probl\u00e9ma kik\u00fcsz\u00f6b\u00f6lhet\u0151, illetve a m\u00e1r megl\u00e9v\u0151 helyre hozhat\u00f3 \u2013 \u00a0kedvezm\u00e9nyes , de mindenf\u00e9le k\u00f6telezetts\u00e9g n\u00e9lk\u00fcli v\u00e1s\u00e1rl\u00e1si lehet\u0151s\u00e9get k\u00edn\u00e1lva. S hogy mi\u00e9rt \u00e9rdemes a dr\u00e1g\u00e1bb sampont, balzsamot, olajat vagy sz\u00e9rumot megv\u00e1s\u00e1rolni? Mert sokkal koncentr\u00e1ltabbak \u00e9s t\u00f6m\u00e9nyebben tartalmaznak hat\u00f3anyagokat.<\/p>\n<p>Amit sok egy\u00e9b mellett a legjobban tudnak: seg\u00edteni abban, hogy a meg\u00e1lmodott frizur\u00e1d harmoniz\u00e1ljon az egy\u00e9nis\u00e9geddel!<\/p>\n<p>Szerz\u0151:\u00a0<a href=\"http:\/\/hellobella.hu\" target=\"_blank\">hellobella.hu<\/a><\/p>\n","protected":false},"excerpt":{"rendered":"<p>\u00a0\u00a0 Muzsik Edina \u00e9s Muzsik Tibor \u00e1prilis 6-\u00e1n este ism\u00e9t rendk\u00edv\u00fcl sz\u00f3rakoztat\u00f3 m\u00f3don vezette be az \u00e9rdekl\u0151d\u0151ket a haj\u00e1pol\u00e1s fort\u00e9lyaiba. A hellobella.hu \u00e9s a Schwarzkopf Professional ingyenes k\u00e9pz\u00e9s\u00e9n ez\u00fattal arr\u00f3l [&hellip;]<\/p>\n","protected":false},"author":1,"featured_media":732,"comment_status":"closed","ping_status":"open","sticky":false,"template":"","format":"standard","meta":[],"categories":[1],"tags":[],"_links":{"self":[{"href":"https:\/\/www.muzsik.hu\/index.php\/wp-json\/wp\/v2\/posts\/731"}],"collection":[{"href":"https:\/\/www.muzsik.hu\/index.php\/wp-json\/wp\/v2\/posts"}],"about":[{"href":"https:\/\/www.muzsik.hu\/index.php\/wp-json\/wp\/v2\/types\/post"}],"author":[{"embeddable":true,"href":"https:\/\/www.muzsik.hu\/index.php\/wp-json\/wp\/v2\/users\/1"}],"replies":[{"embeddable":true,"href":"https:\/\/www.muzsik.hu\/index.php\/wp-json\/wp\/v2\/comments?post=731"}],"version-history":[{"count":1,"href":"https:\/\/www.muzsik.hu\/index.php\/wp-json\/wp\/v2\/posts\/731\/revisions"}],"predecessor-version":[{"id":736,"href":"https:\/\/www.muzsik.hu\/index.php\/wp-json\/wp\/v2\/posts\/731\/revisions\/736"}],"wp:featuredmedia":[{"embeddable":true,"href":"https:\/\/www.muzsik.hu\/index.php\/wp-json\/wp\/v2\/media\/732"}],"wp:attachment":[{"href":"https:\/\/www.muzsik.hu\/index.php\/wp-json\/wp\/v2\/media?parent=731"}],"wp:term":[{"taxonomy":"category","embeddable":true,"href":"https:\/\/www.muzsik.hu\/index.php\/wp-json\/wp\/v2\/categories?post=731"},{"taxonomy":"post_tag","embeddable":true,"href":"https:\/\/www.muzsik.hu\/index.php\/wp-json\/wp\/v2\/tags?post=731"}],"curies":[{"name":"wp","href":"https:\/\/api.w.org\/{rel}","templated":true}]}}