{"id":656,"date":"2016-02-15T19:11:57","date_gmt":"2016-02-15T19:11:57","guid":{"rendered":"http:\/\/www.muzsik.hu\/?p=656"},"modified":"2016-02-25T12:50:17","modified_gmt":"2016-02-25T12:50:17","slug":"fonott-lofarok-ha-mar-unod-a-sima-copfot","status":"publish","type":"post","link":"https:\/\/www.muzsik.hu\/index.php\/2016\/02\/15\/fonott-lofarok-ha-mar-unod-a-sima-copfot\/","title":{"rendered":"Fonott l\u00f3farok, ha m\u00e1r unod a sima copfot"},"content":{"rendered":"<p><a href=\"http:\/\/www.muzsik.hu\/wp-content\/uploads\/2016\/02\/IMG_0671.jpg\"><img loading=\"lazy\" class=\"size-medium wp-image-657 alignleft\" src=\"http:\/\/www.muzsik.hu\/wp-content\/uploads\/2016\/02\/IMG_0671-300x200.jpg\" alt=\"IMG_0671\" width=\"300\" height=\"200\" srcset=\"https:\/\/www.muzsik.hu\/wp-content\/uploads\/2016\/02\/IMG_0671-300x200.jpg 300w, https:\/\/www.muzsik.hu\/wp-content\/uploads\/2016\/02\/IMG_0671-1024x683.jpg 1024w, https:\/\/www.muzsik.hu\/wp-content\/uploads\/2016\/02\/IMG_0671-1144x763.jpg 1144w\" sizes=\"(max-width: 300px) 100vw, 300px\" \/><\/a><br \/>\nEgy kis fon\u00e1ssal a legegyszer\u0171bb frizur\u00e1t is k\u00f6nnyen feldobhatod, r\u00e1ad\u00e1sul a v\u00e9geredm\u00e9ny szinte minden alkalomra t\u00f6k\u00e9letes lesz. Most arra mutatok egy egyszer\u0171 tr\u00fckk\u00f6t, hogy a sima l\u00f3farkat hogyan tudod pillanatok alatt felturb\u00f3zni egy fonat seg\u00edts\u00e9g\u00e9vel. Ezek ut\u00e1n biztos unalmasnak fogod m\u00e1r tal\u00e1lni a sima copfot! \ud83d\ude42<\/p>\n<p>Fogd oldalra<br \/>\nEzt a frizur\u00e1t egyenes, \u00e9s alaposan \u00e1tf\u00e9s\u00fclt hajb\u00f3l lehet a legk\u00f6nnyebben elk\u00e9sz\u00edteni. Fontos, hogy sehol se maradjon csom\u00f3s r\u00e9sz!<\/p>\n<p>Az els\u0151 l\u00e9p\u00e9ssel eg\u00e9sz biztosan nem lesz gondod, csup\u00e1n el kell v\u00e1lasztanod a hajadat h\u00e1tul, ahogy a k\u00e9pen is l\u00e1tod, \u00e9s a nagyobb r\u00e9szt feszesen \u00f6ssze kell fognod oldalt egy hajgumival.<\/p>\n<p>Akkor lesz a legk\u00f6nnyebb a dolgod, ha el\u00f6l k\u00e9sz\u00edtesz egy oldalv\u00e1laszt\u00e9kot, amit azt\u00e1n ferd\u00e9n \u00e1tvezetsz a fejeden, eg\u00e9szen a f\u00fcled vonal\u00e1ig.<\/p>\n<p>Kezdd el fonni<img loading=\"lazy\" class=\" wp-image-658 alignright\" src=\"http:\/\/www.muzsik.hu\/wp-content\/uploads\/2016\/02\/IMG_0673.jpg\" alt=\"IMG_0673\" width=\"383\" height=\"383\" srcset=\"https:\/\/www.muzsik.hu\/wp-content\/uploads\/2016\/02\/IMG_0673.jpg 1920w, https:\/\/www.muzsik.hu\/wp-content\/uploads\/2016\/02\/IMG_0673-150x150.jpg 150w, https:\/\/www.muzsik.hu\/wp-content\/uploads\/2016\/02\/IMG_0673-300x300.jpg 300w, https:\/\/www.muzsik.hu\/wp-content\/uploads\/2016\/02\/IMG_0673-1024x1024.jpg 1024w, https:\/\/www.muzsik.hu\/wp-content\/uploads\/2016\/02\/IMG_0673-480x480.jpg 480w, https:\/\/www.muzsik.hu\/wp-content\/uploads\/2016\/02\/IMG_0673-720x720.jpg 720w, https:\/\/www.muzsik.hu\/wp-content\/uploads\/2016\/02\/IMG_0673-1144x1144.jpg 1144w\" sizes=\"(max-width: 383px) 100vw, 383px\" \/><br \/>\nMost j\u00f6n a frizura legbonyolultabb r\u00e9sze, a parkettafon\u00e1s, de ez ne rettentsen el egy cseppet sem! Igaz\u00e1b\u00f3l ez csak akkor okozhat gondot, ha nem l\u00e1tod pontosan, mit csin\u00e1lsz.<\/p>\n<p>Ebben a l\u00e9p\u00e9sben a kett\u00e9v\u00e1lasztott haj m\u00e1sik fel\u00e9t kell befonnod: t\u00fck\u00f6r seg\u00edts\u00e9g\u00e9vel k\u00f6nnyen v\u00e9gigk\u00f6vetheted a n\u00e9h\u00e1ny centin \u00e1t\u00edvel\u0151 fon\u00e1st.<\/p>\n<p>Csak n\u00e9gy-\u00f6t \u00e1tford\u00edt\u00e1sra lesz sz\u00fcks\u00e9g!<\/p>\n<p>J\u00f6het a csavar<br \/>\nA parkettafon\u00e1ssal addig kell haladnod, am\u00edg el nem \u00e9red a hajgumit, teh\u00e1t az \u00f6sszefogott l\u00f3farkat. Ekkor ism\u00e9t k\u00f6nny\u0171 dolgod lesz, ugyanis \u00e1tv\u00e1lthatsz hagyom\u00e1nyos h\u00e1rmas fon\u00e1sra.<\/p>\n<p>Ezzel az egyszer\u0171, \u00e9s mindenki \u00e1ltal ismert technik\u00e1val kell v\u00e9gighaladnod a jobb oldali tincs egy jelent\u0151s r\u00e9sz\u00e9n.<\/p>\n<p>De nem kell teljes hossz\u00e1ban befonnod! \u00c9ppen csak annyit hagyj r\u00e1, amennyivel k\u00f6nnyen \u00e9s l\u00e1tv\u00e1nyosan el tudod rejteni a m\u00e1r \u00f6sszefogott l\u00f3farok t\u00f6v\u00e9t, majd ezt a tincset is gumizd \u00f6ssze a fon\u00e1s v\u00e9g\u00e9n\u00e9l.<\/p>\n<p>Utols\u00f3 sim\u00edt\u00e1sok<br \/>\nEzut\u00e1n m\u00e1r csak k\u00f6rbe kell tekerned a tincset a l\u00f3farok k\u00f6r\u00fcl, majd \u00f3vatosan, alul elt\u0171zni egy hull\u00e1mcsattal.<\/p>\n<p>A k\u00e9t tincsb\u0151l megmaradt, al\u00e1l\u00f3g\u00f3 sz\u00e1lakat sz\u00e9pen igaz\u00edtsd meg, ha pedig \u00f6sszegubancol\u00f3dtak a frizura k\u00e9sz\u00edt\u00e9se sor\u00e1n, f\u00e9s\u00fcld \u00e1t \u0151ket m\u00e9g egyszer!<\/p>\n<p>El is k\u00e9sz\u00fclt\u00e9l! Ez a hagyom\u00e1nyos copf n\u00e9mi fon\u00e1ssal \u00e9s csavarral megbolond\u00edtva minden alkalomra t\u00f6k\u00e9letesv\u00e1laszt\u00e1s.<\/p>\n","protected":false},"excerpt":{"rendered":"<p>Egy kis fon\u00e1ssal a legegyszer\u0171bb frizur\u00e1t is k\u00f6nnyen feldobhatod, r\u00e1ad\u00e1sul a v\u00e9geredm\u00e9ny szinte minden alkalomra t\u00f6k\u00e9letes lesz. Most arra mutatok egy egyszer\u0171 tr\u00fckk\u00f6t, hogy a sima l\u00f3farkat hogyan tudod pillanatok [&hellip;]<\/p>\n","protected":false},"author":1,"featured_media":657,"comment_status":"closed","ping_status":"open","sticky":false,"template":"","format":"standard","meta":[],"categories":[1],"tags":[],"_links":{"self":[{"href":"https:\/\/www.muzsik.hu\/index.php\/wp-json\/wp\/v2\/posts\/656"}],"collection":[{"href":"https:\/\/www.muzsik.hu\/index.php\/wp-json\/wp\/v2\/posts"}],"about":[{"href":"https:\/\/www.muzsik.hu\/index.php\/wp-json\/wp\/v2\/types\/post"}],"author":[{"embeddable":true,"href":"https:\/\/www.muzsik.hu\/index.php\/wp-json\/wp\/v2\/users\/1"}],"replies":[{"embeddable":true,"href":"https:\/\/www.muzsik.hu\/index.php\/wp-json\/wp\/v2\/comments?post=656"}],"version-history":[{"count":1,"href":"https:\/\/www.muzsik.hu\/index.php\/wp-json\/wp\/v2\/posts\/656\/revisions"}],"predecessor-version":[{"id":659,"href":"https:\/\/www.muzsik.hu\/index.php\/wp-json\/wp\/v2\/posts\/656\/revisions\/659"}],"wp:featuredmedia":[{"embeddable":true,"href":"https:\/\/www.muzsik.hu\/index.php\/wp-json\/wp\/v2\/media\/657"}],"wp:attachment":[{"href":"https:\/\/www.muzsik.hu\/index.php\/wp-json\/wp\/v2\/media?parent=656"}],"wp:term":[{"taxonomy":"category","embeddable":true,"href":"https:\/\/www.muzsik.hu\/index.php\/wp-json\/wp\/v2\/categories?post=656"},{"taxonomy":"post_tag","embeddable":true,"href":"https:\/\/www.muzsik.hu\/index.php\/wp-json\/wp\/v2\/tags?post=656"}],"curies":[{"name":"wp","href":"https:\/\/api.w.org\/{rel}","templated":true}]}}