{"id":650,"date":"2016-02-09T05:57:40","date_gmt":"2016-02-09T05:57:40","guid":{"rendered":"http:\/\/www.muzsik.hu\/?p=650"},"modified":"2016-03-29T12:37:23","modified_gmt":"2016-03-29T12:37:23","slug":"igy-keszits-romantikus-randifrizurat-villamgyorsan","status":"publish","type":"post","link":"https:\/\/www.muzsik.hu\/index.php\/2016\/02\/09\/igy-keszits-romantikus-randifrizurat-villamgyorsan\/","title":{"rendered":"\u00cdgy k\u00e9sz\u00edts romantikus randifrizur\u00e1t vill\u00e1mgyorsan"},"content":{"rendered":"<p><a href=\"http:\/\/www.muzsik.hu\/wp-content\/uploads\/2016\/02\/DSC_2366.jpg\"><img loading=\"lazy\" class=\"size-medium wp-image-662 alignleft\" src=\"http:\/\/www.muzsik.hu\/wp-content\/uploads\/2016\/02\/DSC_2366-300x200.jpg\" alt=\"DSC_2366\" width=\"300\" height=\"200\" srcset=\"https:\/\/www.muzsik.hu\/wp-content\/uploads\/2016\/02\/DSC_2366-300x200.jpg 300w, https:\/\/www.muzsik.hu\/wp-content\/uploads\/2016\/02\/DSC_2366-1024x683.jpg 1024w, https:\/\/www.muzsik.hu\/wp-content\/uploads\/2016\/02\/DSC_2366-1144x763.jpg 1144w\" sizes=\"(max-width: 300px) 100vw, 300px\" \/><\/a><br \/>\nA Valentin-napi k\u00e9sz\u00fcl\u0151d\u00e9sb\u0151l term\u00e9szetesen a frizur\u00e1d sem maradhat ki, igaz? Most mutatok neked egy olyan k\u00fcl\u00f6nleges l\u00f3farkat, amelyet te is k\u00f6nnyed\u00e9n el tudsz k\u00e9sz\u00edteni, r\u00e1ad\u00e1sul vill\u00e1mgyorsan, \u00edgy ha m\u00e1r nagyon k\u00e9s\u00e9sben vagy a vacsir\u00f3l, akkor sem kell lemondanod a romantikus frizur\u00e1r\u00f3l!<\/p>\n<p>Oszd elh\u00e1rom r\u00e9szre<br \/>\nEz az els\u0151 \u00e9s egyben legnehezebb l\u00e9p\u00e9s a frizura elk\u00e9sz\u00edt\u00e9se sor\u00e1n: h\u00e1rom egyenl\u0151 r\u00e9szre kell osztanod a hajadat.<\/p>\n<p>Ha eleve hull\u00e1mosak a tincseid, akkor val\u00f3ban csak ennyi a dolgod, de ha sz\u00f6gegyenes sz\u00e1lakkal rendelkezel, ahajs\u00fct\u0151vasadra is sz\u00fcks\u00e9ged lesz.<br \/>\nMiut\u00e1n megvan a h\u00e1rom r\u00e9sz, k\u00fcl\u00f6n-k\u00fcl\u00f6n gumizd \u00f6ssze \u0151ket, \u00e9s vigy\u00e9l n\u00e9mi l\u00e1gy hull\u00e1mot az \u00f6sszefogott tincsekbe!<\/p>\n<p><img loading=\"lazy\" class=\"size-medium wp-image-663 alignright\" src=\"http:\/\/www.muzsik.hu\/wp-content\/uploads\/2016\/02\/DSC_2373-300x200.jpg\" alt=\"DSC_2373\" width=\"300\" height=\"200\" srcset=\"https:\/\/www.muzsik.hu\/wp-content\/uploads\/2016\/02\/DSC_2373-300x200.jpg 300w, https:\/\/www.muzsik.hu\/wp-content\/uploads\/2016\/02\/DSC_2373-1024x683.jpg 1024w, https:\/\/www.muzsik.hu\/wp-content\/uploads\/2016\/02\/DSC_2373-1144x763.jpg 1144w\" sizes=\"(max-width: 300px) 100vw, 300px\" \/>Ford\u00edtsd \u00e1t a tincseket<br \/>\nA m\u00e1sodik l\u00e9p\u00e9s m\u00e1r nem ennyire \u00f6sszetett, de minden egyes tincshez hozz\u00e1 kell ny\u00falnod.<\/p>\n<p>Fentr\u0151l lefel\u00e9 haladj: fogd meg a legfels\u0151 tincset, \u00e9s a hajgumi felett \u00f3vatosan \u00e9s gyeng\u00e9den laz\u00edtsd meg kicsit a hajad, majd h\u00fazd sz\u00e9t \u00fagy, hogy egy-k\u00e9t ujjad k\u00e9nyelmesen bef\u00e9rhessen a r\u00e9sen.<\/p>\n<p>Ezut\u00e1n ford\u00edtsd \u00e1t a tincset ezen a ny\u00edl\u00e1son, hogy k\u00fcl\u00f6nleges csavart hat\u00e1st \u00e9rhess el!<\/p>\n<p>F\u0171zd egym\u00e1sba \u0151ket<br \/>\nA csavar\u00e1s ut\u00e1n ugyanazt a tincset h\u00fazd \u00e1t a k\u00f6z\u00e9ps\u0151 copf ny\u00edl\u00e1s\u00e1n is, ahogy a k\u00e9pen l\u00e1that\u00f3 \u2013 \u00edgy lesz sz\u00e9pen al\u00e1es\u0151, \u00f6sszef\u00fcgg\u0151 a frizur\u00e1d.<\/p>\n<p>A k\u00f6z\u00e9ps\u0151 tincs eset\u00e9ben ism\u00e9t j\u00f6het az \u00e1tford\u00edt\u00e1s (csavar\u00e1s), itt azonban m\u00e1r meg kell ker\u00fcln\u00f6d az \u00e1th\u00fazott tincset \u2013 annak \u00e9rdek\u00e9ben, hogy k\u00f6nnyen haladhass, \u00e9rdemes kicsit jobban sz\u00e9th\u00faznod a sz\u00e1lakat.<\/p>\n<p>V\u00e9g\u00fcl nincs m\u00e1s teend\u0151d, mint ugyanezt megism\u00e9telni a legals\u00f3, harmadik tincsen is, \u00e9s m\u00e1ris kapsz egy csod\u00e1san al\u00e1hull\u00f3 l\u00f3farkat.<\/p>\n<p>Utols\u00f3 sim\u00edt\u00e1sok<br \/>\nHaszn\u00e1lj hajlakkot, kicsit igazgasd meg a sz\u00e1lakat, \u00e9s m\u00e1r el is k\u00e9sz\u00fclt\u00e9l!<\/p>\n<p>A pasid biztosan meg fogja k\u00e9rdezni, hogy fodr\u00e1szn\u00e1l volt\u00e1l-e&#8230; \ud83d\ude42<\/p>\n<p>Ha pedig igaz\u00e1n l\u00e9legzetel\u00e1ll\u00edt\u00f3 v\u00e9geredm\u00e9nyt szeretn\u00e9l, turb\u00f3zd fel az outfited is a Valentin-napi vacsira!<\/p>\n<p><a href=\"http:\/\/www.muzsik.hu\/wp-content\/uploads\/2016\/02\/IMG_4609.jpg\"><img loading=\"lazy\" class=\"aligncenter wp-image-651 \" src=\"http:\/\/www.muzsik.hu\/wp-content\/uploads\/2016\/02\/IMG_4609-1024x1024.jpg\" alt=\"IMG_4609\" width=\"754\" height=\"754\" srcset=\"https:\/\/www.muzsik.hu\/wp-content\/uploads\/2016\/02\/IMG_4609-1024x1024.jpg 1024w, https:\/\/www.muzsik.hu\/wp-content\/uploads\/2016\/02\/IMG_4609-150x150.jpg 150w, https:\/\/www.muzsik.hu\/wp-content\/uploads\/2016\/02\/IMG_4609-300x300.jpg 300w, https:\/\/www.muzsik.hu\/wp-content\/uploads\/2016\/02\/IMG_4609-480x480.jpg 480w, https:\/\/www.muzsik.hu\/wp-content\/uploads\/2016\/02\/IMG_4609-720x720.jpg 720w, https:\/\/www.muzsik.hu\/wp-content\/uploads\/2016\/02\/IMG_4609-1144x1144.jpg 1144w, https:\/\/www.muzsik.hu\/wp-content\/uploads\/2016\/02\/IMG_4609.jpg 1920w\" sizes=\"(max-width: 754px) 100vw, 754px\" \/><\/a><\/p>\n","protected":false},"excerpt":{"rendered":"<p>A Valentin-napi k\u00e9sz\u00fcl\u0151d\u00e9sb\u0151l term\u00e9szetesen a frizur\u00e1d sem maradhat ki, igaz? Most mutatok neked egy olyan k\u00fcl\u00f6nleges l\u00f3farkat, amelyet te is k\u00f6nnyed\u00e9n el tudsz k\u00e9sz\u00edteni, r\u00e1ad\u00e1sul vill\u00e1mgyorsan, \u00edgy ha m\u00e1r nagyon [&hellip;]<\/p>\n","protected":false},"author":1,"featured_media":662,"comment_status":"closed","ping_status":"open","sticky":false,"template":"","format":"standard","meta":[],"categories":[8],"tags":[],"_links":{"self":[{"href":"https:\/\/www.muzsik.hu\/index.php\/wp-json\/wp\/v2\/posts\/650"}],"collection":[{"href":"https:\/\/www.muzsik.hu\/index.php\/wp-json\/wp\/v2\/posts"}],"about":[{"href":"https:\/\/www.muzsik.hu\/index.php\/wp-json\/wp\/v2\/types\/post"}],"author":[{"embeddable":true,"href":"https:\/\/www.muzsik.hu\/index.php\/wp-json\/wp\/v2\/users\/1"}],"replies":[{"embeddable":true,"href":"https:\/\/www.muzsik.hu\/index.php\/wp-json\/wp\/v2\/comments?post=650"}],"version-history":[{"count":4,"href":"https:\/\/www.muzsik.hu\/index.php\/wp-json\/wp\/v2\/posts\/650\/revisions"}],"predecessor-version":[{"id":665,"href":"https:\/\/www.muzsik.hu\/index.php\/wp-json\/wp\/v2\/posts\/650\/revisions\/665"}],"wp:featuredmedia":[{"embeddable":true,"href":"https:\/\/www.muzsik.hu\/index.php\/wp-json\/wp\/v2\/media\/662"}],"wp:attachment":[{"href":"https:\/\/www.muzsik.hu\/index.php\/wp-json\/wp\/v2\/media?parent=650"}],"wp:term":[{"taxonomy":"category","embeddable":true,"href":"https:\/\/www.muzsik.hu\/index.php\/wp-json\/wp\/v2\/categories?post=650"},{"taxonomy":"post_tag","embeddable":true,"href":"https:\/\/www.muzsik.hu\/index.php\/wp-json\/wp\/v2\/tags?post=650"}],"curies":[{"name":"wp","href":"https:\/\/api.w.org\/{rel}","templated":true}]}}