{"id":630,"date":"2015-12-20T23:34:57","date_gmt":"2015-12-20T23:34:57","guid":{"rendered":"http:\/\/www.muzsik.hu\/?p=630"},"modified":"2015-12-22T13:19:03","modified_gmt":"2015-12-22T13:19:03","slug":"a-legegyszerubb-unnepi-frizura-amit-par-perc-alatt-elkeszithetsz","status":"publish","type":"post","link":"https:\/\/www.muzsik.hu\/index.php\/2015\/12\/20\/a-legegyszerubb-unnepi-frizura-amit-par-perc-alatt-elkeszithetsz\/","title":{"rendered":"A legegyszer\u0171bb \u00fcnnepi frizura, amit p\u00e1r perc alatt elk\u00e9sz\u00edthetsz"},"content":{"rendered":"<p><a href=\"http:\/\/www.muzsik.hu\/wp-content\/uploads\/2015\/10\/bien_logo_szlogen_nelkul_300dpi_rgb.png\"><img loading=\"lazy\" class=\"size-full wp-image-449 alignright\" src=\"http:\/\/www.muzsik.hu\/wp-content\/uploads\/2015\/10\/bien_logo_szlogen_nelkul_300dpi_rgb.png\" alt=\"bien_logo_szlogen_nelkul_300dpi_rgb\" width=\"213\" height=\"80\" \/><\/a>Tan\u00e1cstalan vagy, milyen frizur\u00e1t k\u00e9sz\u00edts magadnak az \u00fcnnepi vacsor\u00e1ra? Esetleg nem is mersz semmihez hozz\u00e1fogni, mert \u00fagy \u00e9rzed, nincs el\u00e9g k\u00e9z\u00fcgyess\u00e9ged hozz\u00e1? Ne agg\u00f3dj, ezt a frizur\u00e1t elk\u00e9sz\u00edtheted f\u00e9lhossz\u00fa hajb\u00f3l is, \u00e9s extra kreativit\u00e1sra sem lesz sz\u00fcks\u00e9ged!<\/p>\n<p>Lev\u00e1laszt\u00e1s \u00e9s teker\u00e9s<br \/>\nEls\u0151 l\u00e9p\u00e9sben a hagyom\u00e1nyos m\u00f3don sz\u00e1r\u00edtsd meg a hajadat \u2013 ha sz\u00fcks\u00e9ges, ak\u00e1r ki is vasalhatod, esetleg tehetsz egy pr\u00f3b\u00e1t a hull\u00e1mos, g\u00f6nd\u00f6r f\u00fcrtjeiddel.<\/p>\n<p>Ezut\u00e1n le kell v\u00e1lasztanod egy tincset a hajadb\u00f3l: a frufrud vonal\u00e1t\u00f3l indulj, de a f\u00fcled m\u00f6g\u00f6tti r\u00e9szt se hagyd ki. (Fontos, hogy megjegyezd, mekkora sz\u00e9less\u00e9ggel dolgozt\u00e1l, ugyanis a m\u00e1sik oldalon is meg kell ism\u00e9telned ezt a l\u00e9p\u00e9st.)<\/p>\n<p>Ha megvan a tincs, kezdd el \u00f3vatosan megcsavarni: bel\u00fclr\u0151l kifel\u00e9 ir\u00e1nyul\u00f3 mozdulatokkal haladj, de l\u00e9nyeges, hogy a sz\u00e1lak t\u00f6v\u00e9t kihagyd ebb\u0151l a l\u00e9p\u00e9sb\u0151l, k\u00fcl\u00f6nben nem fognak sz\u00e9pen r\u00e1simulni a fejedre.<\/p>\n<p><a href=\"http:\/\/www.muzsik.hu\/wp-content\/uploads\/2015\/12\/IMG_0593.jpg\"><img loading=\"lazy\" class=\" wp-image-631 alignleft\" src=\"http:\/\/www.muzsik.hu\/wp-content\/uploads\/2015\/12\/IMG_0593.jpg\" alt=\"IMG_0593\" width=\"265\" height=\"265\" srcset=\"https:\/\/www.muzsik.hu\/wp-content\/uploads\/2015\/12\/IMG_0593.jpg 1280w, https:\/\/www.muzsik.hu\/wp-content\/uploads\/2015\/12\/IMG_0593-150x150.jpg 150w, https:\/\/www.muzsik.hu\/wp-content\/uploads\/2015\/12\/IMG_0593-300x300.jpg 300w, https:\/\/www.muzsik.hu\/wp-content\/uploads\/2015\/12\/IMG_0593-1024x1024.jpg 1024w, https:\/\/www.muzsik.hu\/wp-content\/uploads\/2015\/12\/IMG_0593-480x480.jpg 480w, https:\/\/www.muzsik.hu\/wp-content\/uploads\/2015\/12\/IMG_0593-720x720.jpg 720w, https:\/\/www.muzsik.hu\/wp-content\/uploads\/2015\/12\/IMG_0593-1144x1144.jpg 1144w\" sizes=\"(max-width: 265px) 100vw, 265px\" \/><\/a>J\u00f6het a m\u00e1sik oldal<br \/>\nHaladj v\u00e9gig a tincsen a csavar\u00e1ssal, \u00e9s csup\u00e1n az als\u00f3 n\u00e9h\u00e1ny centit hagyd szabadon.<\/p>\n<p>Most lesz sz\u00fcks\u00e9ged egy kis k\u00e9z\u00fcgyess\u00e9gre, ugyanis nem szabad elengedned a tincset (legfeljebb ideiglenesen, \u00f3vatosan let\u0171zheted).<\/p>\n<p>A m\u00e1sik oldalon ugyanezt kell megism\u00e9telned. Amint \u00edrtam, \u00fcgyelj r\u00e1, hogy ugyanakkora tinccsel dolgozz, hiszen csak \u00edgy lesz igaz\u00e1n sz\u00e9p \u00e9s szimmetrikus a v\u00e9geredm\u00e9ny.<\/p>\n<p>Arra szint\u00e9n figyelj, hogy most is bel\u00fclr\u0151l kifel\u00e9 ir\u00e1nyuljon a teker\u00e9s! Amint el\u00e9rted ennek a tincsnek v\u00e9g\u00e9t, fogd \u00f6ssze a m\u00e1sik, m\u00e1r kor\u00e1bban becsavart tinccsel.<\/p>\n<p>Csom\u00f3zd meg a csavart<br \/>\nA k\u00f6vetkez\u0151 l\u00e9p\u00e9s bonyolultnak t\u0171nhet, de \u00e9ppen ez a sz\u00e9p ebben a frizur\u00e1ban: \u00fagy t\u0171nik, hogy \u00f3r\u00e1kat sz\u00e1nt\u00e1l r\u00e1, pedig egyszer\u0171en \u00e9s vill\u00e1mgyorsan elk\u00e9sz\u00fclt\u00e9l vele.<\/p>\n<p>Csup\u00e1n annyi a dolgod, hogy a k\u00e9t megcsavart tincset \u00f6sszecsom\u00f3zd.<\/p>\n<p>Ne agg\u00f3dj, nem marad ott a gubanc a hajadban, ki fogod tudni bontani!<\/p>\n<p><a href=\"http:\/\/www.muzsik.hu\/wp-content\/uploads\/2015\/12\/IMG_3020.jpg\"><img loading=\"lazy\" class=\" wp-image-634 alignright\" src=\"http:\/\/www.muzsik.hu\/wp-content\/uploads\/2015\/12\/IMG_3020.jpg\" alt=\"IMG_3020\" width=\"423\" height=\"282\" srcset=\"https:\/\/www.muzsik.hu\/wp-content\/uploads\/2015\/12\/IMG_3020.jpg 2248w, https:\/\/www.muzsik.hu\/wp-content\/uploads\/2015\/12\/IMG_3020-300x200.jpg 300w, https:\/\/www.muzsik.hu\/wp-content\/uploads\/2015\/12\/IMG_3020-1024x683.jpg 1024w, https:\/\/www.muzsik.hu\/wp-content\/uploads\/2015\/12\/IMG_3020-1144x763.jpg 1144w\" sizes=\"(max-width: 423px) 100vw, 423px\" \/><\/a>Azonban annak \u00e9rdek\u00e9ben, hogy a csom\u00f3 eg\u00e9sz este biztosan tartson, bele kell t\u0171zn\u00f6d egy hull\u00e1mcsatot.<\/p>\n<p>Pr\u00f3b\u00e1lj kisebbet v\u00e1lasztani, \u00e9s t\u00f6rekedj arra, hogy sehol se l\u00e1tsz\u00f3djon ki!<\/p>\n<p>T\u0171zd el a v\u00e9g\u00e9t<\/p>\n<p>Ezut\u00e1n m\u00e1r csak annyi teend\u0151d van, hogy a tincsek v\u00e9geit sz\u00e9penkivezeted oldalra, \u00e9s \u00f3vatosan let\u0171z\u00f6d \u0151ket a csom\u00f3 mindk\u00e9t fel\u00e9n.<\/p>\n<p>Figyelj r\u00e1, hogy eg\u00e9szen a csatig megmaradjon a tincsek csavart form\u00e1ja, a let\u0171z\u00e9s alatt pedig majd az eg\u00e9sz sz\u00e9pen belesimul a frizur\u00e1dba.<\/p>\n<p>Ezzel az \u00fcnnepi frizur\u00e1val garant\u00e1ltan bezsebelhetsz n\u00e9h\u00e1ny b\u00f3kot a rokonl\u00e1togat\u00e1sokon! \ud83d\ude09<\/p>\n","protected":false},"excerpt":{"rendered":"<p>Tan\u00e1cstalan vagy, milyen frizur\u00e1t k\u00e9sz\u00edts magadnak az \u00fcnnepi vacsor\u00e1ra? Esetleg nem is mersz semmihez hozz\u00e1fogni, mert \u00fagy \u00e9rzed, nincs el\u00e9g k\u00e9z\u00fcgyess\u00e9ged hozz\u00e1? Ne agg\u00f3dj, ezt a frizur\u00e1t elk\u00e9sz\u00edtheted f\u00e9lhossz\u00fa hajb\u00f3l [&hellip;]<\/p>\n","protected":false},"author":1,"featured_media":631,"comment_status":"closed","ping_status":"open","sticky":false,"template":"","format":"standard","meta":[],"categories":[1],"tags":[],"_links":{"self":[{"href":"https:\/\/www.muzsik.hu\/index.php\/wp-json\/wp\/v2\/posts\/630"}],"collection":[{"href":"https:\/\/www.muzsik.hu\/index.php\/wp-json\/wp\/v2\/posts"}],"about":[{"href":"https:\/\/www.muzsik.hu\/index.php\/wp-json\/wp\/v2\/types\/post"}],"author":[{"embeddable":true,"href":"https:\/\/www.muzsik.hu\/index.php\/wp-json\/wp\/v2\/users\/1"}],"replies":[{"embeddable":true,"href":"https:\/\/www.muzsik.hu\/index.php\/wp-json\/wp\/v2\/comments?post=630"}],"version-history":[{"count":2,"href":"https:\/\/www.muzsik.hu\/index.php\/wp-json\/wp\/v2\/posts\/630\/revisions"}],"predecessor-version":[{"id":635,"href":"https:\/\/www.muzsik.hu\/index.php\/wp-json\/wp\/v2\/posts\/630\/revisions\/635"}],"wp:featuredmedia":[{"embeddable":true,"href":"https:\/\/www.muzsik.hu\/index.php\/wp-json\/wp\/v2\/media\/631"}],"wp:attachment":[{"href":"https:\/\/www.muzsik.hu\/index.php\/wp-json\/wp\/v2\/media?parent=630"}],"wp:term":[{"taxonomy":"category","embeddable":true,"href":"https:\/\/www.muzsik.hu\/index.php\/wp-json\/wp\/v2\/categories?post=630"},{"taxonomy":"post_tag","embeddable":true,"href":"https:\/\/www.muzsik.hu\/index.php\/wp-json\/wp\/v2\/tags?post=630"}],"curies":[{"name":"wp","href":"https:\/\/api.w.org\/{rel}","templated":true}]}}