{"id":602,"date":"2015-12-01T01:12:08","date_gmt":"2015-12-01T01:12:08","guid":{"rendered":"http:\/\/www.muzsik.hu\/?p=602"},"modified":"2015-12-01T01:12:08","modified_gmt":"2015-12-01T01:12:08","slug":"lepesrol-lepesre-kulonleges-lofarok-infinity-fonassal","status":"publish","type":"post","link":"https:\/\/www.muzsik.hu\/index.php\/2015\/12\/01\/lepesrol-lepesre-kulonleges-lofarok-infinity-fonassal\/","title":{"rendered":"L\u00e9p\u00e9sr\u0151l l\u00e9p\u00e9sre: K\u00fcl\u00f6nleges l\u00f3farok infinity fon\u00e1ssal"},"content":{"rendered":"<p><a href=\"http:\/\/www.muzsik.hu\/wp-content\/uploads\/2015\/10\/bien_logo_szlogen_nelkul_300dpi_rgb.png\"><img loading=\"lazy\" class=\"size-full wp-image-449 alignright\" src=\"http:\/\/www.muzsik.hu\/wp-content\/uploads\/2015\/10\/bien_logo_szlogen_nelkul_300dpi_rgb.png\" alt=\"bien_logo_szlogen_nelkul_300dpi_rgb\" width=\"213\" height=\"80\" \/><\/a>\u00a0A fonatokat mindenki im\u00e1dja, de a hagyom\u00e1nyos h\u00e1rom tincses \u00e9s parketta fon\u00e1son t\u00fal m\u00e1r sz\u00e1mtalan m\u00e1s k\u00fcl\u00f6nleges technika is l\u00e9tezik, amelyekr\u0151l eddig tal\u00e1n m\u00e9g nem is hallott\u00e1l. Ez\u00fattal egy vill\u00e1mgyorsan elk\u00e9sz\u00edthet\u0151 \u00fajdons\u00e1ggal k\u00e9sz\u00fcltem neked, az infinity fon\u00e1ssal!\u00a0Megmutatom l\u00e9p\u00e9sr\u0151l l\u00e9p\u00e9sre, hogyan k\u00e9sz\u00edtsd el magadnak!<\/p>\n<div><\/div>\n<div>\n<h2>Sz\u00e9tv\u00e1laszt\u00e1s<\/h2>\n<div>\n<p>Els\u0151 l\u00e9p\u00e9sben\u00a0v\u00e1laszd el n\u00e9gy egyforma r\u00e9szre\u00a0a hajadat \u2013 hidd el, ez lesz a legbonyolultabb l\u00e9p\u00e9s enn\u00e9l a frizur\u00e1n\u00e1l! \ud83d\ude42<\/p>\n<p>A k\u00e9t k\u00f6z\u00e9ps\u0151 tincset\u00a0k\u00fcl\u00f6n-k\u00fcl\u00f6n fogd \u00f6ssze hajgumival.<\/p>\n<p>Pr\u00f3b\u00e1ld\u00a0min\u00e9l k\u00f6zelebb gumizni \u0151ket a fejb\u0151r\u00f6dh\u00f6z, de nem musz\u00e1j minden\u00e1ron szorosan \u00f6sszek\u00f6tn\u00f6d a tincseket, a laz\u00e1bb l\u00f3farkak itt is term\u00e9szetesebbnek hatnak majd.<\/p>\n<h2>C<a href=\"http:\/\/www.muzsik.hu\/wp-content\/uploads\/2015\/12\/IMG_0501.jpg\"><img loading=\"lazy\" class=\"wp-image-603 alignleft\" src=\"http:\/\/www.muzsik.hu\/wp-content\/uploads\/2015\/12\/IMG_0501.jpg\" alt=\"IMG_0501\" width=\"304\" height=\"203\" srcset=\"https:\/\/www.muzsik.hu\/wp-content\/uploads\/2015\/12\/IMG_0501.jpg 2048w, https:\/\/www.muzsik.hu\/wp-content\/uploads\/2015\/12\/IMG_0501-300x200.jpg 300w, https:\/\/www.muzsik.hu\/wp-content\/uploads\/2015\/12\/IMG_0501-1024x683.jpg 1024w, https:\/\/www.muzsik.hu\/wp-content\/uploads\/2015\/12\/IMG_0501-1144x763.jpg 1144w\" sizes=\"(max-width: 304px) 100vw, 304px\" \/><\/a>savard meg!<\/h2>\n<div>\n<p>Ezt k\u00f6vet\u0151en j\u00f6n a csavar \u2013 m\u00e9gpedig sz\u00f3 szerint!\u00a0A bal oldali, \u00f6sszegumizott l\u00f3farkat fogd a kezedbe, majd\u00a0a\u00a0szabadon hagyott tincset kezdd el rajta k\u00f6rbetekerni.\u00a0K\u00edv\u00fclr\u0151l befel\u00e9 haladj!<\/p>\n<p>Egyenletesen, min\u00e9l szorosabban tekerd\u00a0lefel\u00e9, \u00e9s \u00fcgyelj r\u00e1, hogy a csavar\u00e1s alatt ne l\u00e1tsz\u00f3djon ki az als\u00f3 tincs.<\/p>\n<p>Ha k\u00f6rbetekerted, akkor\u00a0alulr\u00f3l felfel\u00e9, a l\u00f3farokkal p\u00e1rhuzamosan t\u0171zd le \u0151ket, m\u00e9gpedig egy er\u0151s, a hajsz\u00ednedhez passzol\u00f3 hull\u00e1mcsattal.<\/p>\n<h2>J\u00f6het a m\u00e1sik oldal!<img loading=\"lazy\" class=\"wp-image-604 alignright\" src=\"http:\/\/www.muzsik.hu\/wp-content\/uploads\/2015\/12\/IMG_0502.jpg\" alt=\"IMG_0502\" width=\"337\" height=\"337\" srcset=\"https:\/\/www.muzsik.hu\/wp-content\/uploads\/2015\/12\/IMG_0502.jpg 1920w, https:\/\/www.muzsik.hu\/wp-content\/uploads\/2015\/12\/IMG_0502-150x150.jpg 150w, https:\/\/www.muzsik.hu\/wp-content\/uploads\/2015\/12\/IMG_0502-300x300.jpg 300w, https:\/\/www.muzsik.hu\/wp-content\/uploads\/2015\/12\/IMG_0502-1024x1024.jpg 1024w, https:\/\/www.muzsik.hu\/wp-content\/uploads\/2015\/12\/IMG_0502-480x480.jpg 480w, https:\/\/www.muzsik.hu\/wp-content\/uploads\/2015\/12\/IMG_0502-720x720.jpg 720w, https:\/\/www.muzsik.hu\/wp-content\/uploads\/2015\/12\/IMG_0502-1144x1144.jpg 1144w\" sizes=\"(max-width: 337px) 100vw, 337px\" \/><\/h2>\n<div>\n<p>Ezut\u00e1n nincs is m\u00e1s dolgod, mint ugyanezt megism\u00e9telni a m\u00e1sik oldalon is, de arra figyelj, hogy a teker\u00e9s\u00a0egyforma hossz\u00fa legyen\u00a0mindk\u00e9t oldalon.<\/p>\n<p>Persze a hajad hossza miatt ez eleve adott, de ha egyik oldalon s\u0171r\u0171bben, a m\u00e1sikon pedig kicsit laz\u00e1bban tekered a sz\u00e1lakat, akkor a v\u00e9g\u00e9n el\u0151fordulhat n\u00e9mi elt\u00e9r\u00e9s.<\/p>\n<h2>Csatold \u00f6ssze \u0151ket<\/h2>\n<div>\n<p>Ha siker\u00fclt meg\u0151rizni a szimmetri\u00e1t, \u00e9s\u00a0a m\u00e1sik tincset is r\u00f6gz\u00edtetted, akkor m\u00e1r csak\u00a0a k\u00e9t\u00a0l\u00f3farkat kell \u00f6sszet\u0171zn\u00f6d.<\/p>\n<p>Ehhez ism\u00e9t hull\u00e1mcsatot haszn\u00e1lj, \u00e1m ez\u00fattal\u00a0fel\u00fclr\u0151l lefel\u00e9\u00a0r\u00f6gz\u00edtsd a tincseket egym\u00e1shoz.<\/p>\n<p>El is k\u00e9sz\u00fclt\u00e9l! Ugye milyen k\u00fcl\u00f6nleges\u00a0lett a v\u00e9geredm\u00e9ny?<\/p>\n<\/div>\n<\/div>\n<\/div>\n<\/div>\n<\/div>\n","protected":false},"excerpt":{"rendered":"<p>\u00a0A fonatokat mindenki im\u00e1dja, de a hagyom\u00e1nyos h\u00e1rom tincses \u00e9s parketta fon\u00e1son t\u00fal m\u00e1r sz\u00e1mtalan m\u00e1s k\u00fcl\u00f6nleges technika is l\u00e9tezik, amelyekr\u0151l eddig tal\u00e1n m\u00e9g nem is hallott\u00e1l. Ez\u00fattal egy vill\u00e1mgyorsan [&hellip;]<\/p>\n","protected":false},"author":1,"featured_media":604,"comment_status":"closed","ping_status":"open","sticky":false,"template":"","format":"standard","meta":[],"categories":[1],"tags":[],"_links":{"self":[{"href":"https:\/\/www.muzsik.hu\/index.php\/wp-json\/wp\/v2\/posts\/602"}],"collection":[{"href":"https:\/\/www.muzsik.hu\/index.php\/wp-json\/wp\/v2\/posts"}],"about":[{"href":"https:\/\/www.muzsik.hu\/index.php\/wp-json\/wp\/v2\/types\/post"}],"author":[{"embeddable":true,"href":"https:\/\/www.muzsik.hu\/index.php\/wp-json\/wp\/v2\/users\/1"}],"replies":[{"embeddable":true,"href":"https:\/\/www.muzsik.hu\/index.php\/wp-json\/wp\/v2\/comments?post=602"}],"version-history":[{"count":1,"href":"https:\/\/www.muzsik.hu\/index.php\/wp-json\/wp\/v2\/posts\/602\/revisions"}],"predecessor-version":[{"id":605,"href":"https:\/\/www.muzsik.hu\/index.php\/wp-json\/wp\/v2\/posts\/602\/revisions\/605"}],"wp:featuredmedia":[{"embeddable":true,"href":"https:\/\/www.muzsik.hu\/index.php\/wp-json\/wp\/v2\/media\/604"}],"wp:attachment":[{"href":"https:\/\/www.muzsik.hu\/index.php\/wp-json\/wp\/v2\/media?parent=602"}],"wp:term":[{"taxonomy":"category","embeddable":true,"href":"https:\/\/www.muzsik.hu\/index.php\/wp-json\/wp\/v2\/categories?post=602"},{"taxonomy":"post_tag","embeddable":true,"href":"https:\/\/www.muzsik.hu\/index.php\/wp-json\/wp\/v2\/tags?post=602"}],"curies":[{"name":"wp","href":"https:\/\/api.w.org\/{rel}","templated":true}]}}