{"id":588,"date":"2015-11-16T10:26:33","date_gmt":"2015-11-16T10:26:33","guid":{"rendered":"http:\/\/www.muzsik.hu\/?p=588"},"modified":"2015-11-17T00:30:38","modified_gmt":"2015-11-17T00:30:38","slug":"5-hajfestesi-hiba-amit-szinte-mindenki-elkovet","status":"publish","type":"post","link":"https:\/\/www.muzsik.hu\/index.php\/2015\/11\/16\/5-hajfestesi-hiba-amit-szinte-mindenki-elkovet\/","title":{"rendered":"5 hajfest\u00e9si hiba, amit szinte mindenki elk\u00f6vet"},"content":{"rendered":"<h1><a href=\"http:\/\/www.muzsik.hu\/wp-content\/uploads\/2015\/10\/bien_logo_szlogen_nelkul_300dpi_rgb.png\"><img loading=\"lazy\" class=\" wp-image-449 alignright\" src=\"http:\/\/www.muzsik.hu\/wp-content\/uploads\/2015\/10\/bien_logo_szlogen_nelkul_300dpi_rgb.png\" alt=\"bien_logo_szlogen_nelkul_300dpi_rgb\" width=\"170\" height=\"64\" \/><\/a>\u00a05 hajfest\u00e9si hiba, amit szinte mindenki elk\u00f6vet<\/h1>\n<div>B\u00e1r mostan\u00e1ban m\u00e1r egyre t\u00f6bbet besz\u00e9l\u00fcnk \u00e9s tudunk a haj\u00e1pol\u00e1sr\u00f3l \u00e9s a hajfest\u00e9sr\u0151l, m\u00e9gis van p\u00e1r alapvet\u0151 hiba, amit szinte mindenki elk\u00f6vet, mikor otthon pr\u00f3b\u00e1lja \u00e1rnyalni a hajsz\u00edn\u00e9t.<\/div>\n<div><\/div>\n<div>\n<h2><a href=\"http:\/\/www.muzsik.hu\/wp-content\/uploads\/2015\/11\/12270292_10205271834380483_676681503_n.jpg\"><img loading=\"lazy\" class=\" wp-image-595 alignleft\" src=\"http:\/\/www.muzsik.hu\/wp-content\/uploads\/2015\/11\/12270292_10205271834380483_676681503_n.jpg\" alt=\"12270292_10205271834380483_676681503_n\" width=\"231\" height=\"332\" srcset=\"https:\/\/www.muzsik.hu\/wp-content\/uploads\/2015\/11\/12270292_10205271834380483_676681503_n.jpg 640w, https:\/\/www.muzsik.hu\/wp-content\/uploads\/2015\/11\/12270292_10205271834380483_676681503_n-209x300.jpg 209w\" sizes=\"(max-width: 231px) 100vw, 231px\" \/><\/a>Nem megfelel\u0151 \u00e1rnyalat\u00fa a hajsz\u00edn<\/h2>\n<div>\n<p>Mindig alaposan \u00e1t kell gondolnod,\u00a0milyen hajsz\u00ednt v\u00e1lasztasz\u00a0\u2013 nem d\u00f6nthetsz kiz\u00e1r\u00f3lag a trendek alapj\u00e1n, \u00e9rdemes azt is m\u00e9rlegelned, hogy melyik\u00a0\u00e9vszakt\u00edpusba tartozol. Ha szem\u00f6ld\u00f6k\u00f6d, b\u0151r- \u00e9s szemsz\u00edned alapj\u00e1n az \u0151sz t\u00edpusba sorolhatod magadat, akkor a gesztenyebarna, v\u00f6r\u00f6ses barn\u00e1k fognak j\u00f3l \u00e1llni, ha a t\u00e9lbe, akkor ink\u00e1bb a hideg \u00e1rnyalatok, a fekete, a hamvas barna, \u00e9s a padlizs\u00e1n.<\/p>\n<p>A meleg \u00e9vszakt\u00edpusoknak\u00a0m\u00e1s sz\u00ednek \u00e1llnak j\u00f3l: a tavasznak az aranysz\u0151ke, aranybarna, mokkaarany, r\u00e9zarany, vil\u00e1gos gesztenye, m\u00edg a ny\u00e1r t\u00edpusnak a hamvassz\u0151ke, hamvas barna \u00e9s a b\u00e9zs.<\/p>\n<h2>Nem passzol a szem\u00f6ld\u00f6kh\u00f6z a hajsz\u00edn<\/h2>\n<div>\n<p>Nem csup\u00e1n arra kell id\u0151t sz\u00e1nnod, hogy eld\u00f6ntsd, milyen hajsz\u00ednt szeretn\u00e9l v\u00e1lasztani, \u00e9s az vajon passzolni fog-e a term\u00e9szetes adotts\u00e1gaidhoz. Azt szint\u00e9n m\u00e9rlegelned kell, hogy bizonyos v\u00e1ltoztat\u00e1soknak magukkal kell hozniuk a\u00a0szem\u00f6ld\u00f6k\u00f6d sz\u00edn\u00e9nek \u00fajragondol\u00e1s\u00e1t is.<\/p>\n<p>Alapvet\u0151en igaz, hogy a s\u00f6t\u00e9t sz\u00ednek kem\u00e9ny\u00edtik a von\u00e1sokat, m\u00edg a vil\u00e1gos sz\u00ednek l\u00e1gy\u00edtanak \u2013 ez egyar\u00e1nt igaz a szem\u00f6ld\u00f6k\u00f6dre is. Gond az \u00e1tmenetb\u0151l akkor ad\u00f3dik, ha eg\u00e9szen m\u00e1s sz\u00edne van a szem\u00f6ld\u00f6k\u00f6dnek, mint a hajadnak, f\u0151leg, ha egyik \u00e1rnyalat sem passzol hozz\u00e1d igaz\u00e1n. Emiatt teh\u00e1t l\u00e9nyeges, hogy a szem\u00f6ld\u00f6k\u00f6d sz\u00edn\u00e9t is a\u00a0hajsz\u00ednedhez igaz\u00edts\u00e1k, nagyobb \u00e1rnyalatv\u00e1ltoztat\u00e1sn\u00e1l ez egyszer\u0171en elker\u00fclhetetlen (\u00e9s bizony a havi friss\u00edt\u00e9ssel\u00a0ugyan\u00fagy sz\u00e1molnod kell, ahogy a frizur\u00e1d eset\u00e9ben teszed).<\/p>\n<h2>Otthon pr\u00f3b\u00e1lsz sz\u0151k\u00edteni<\/h2>\n<div>\n<p>Az otthoni sz\u0151k\u00edt\u00e9s nem csup\u00e1n neh\u00e9z, hanem\u00a0nagyon rizik\u00f3s\u00a0is. Gondolj csak bele: el kell d\u00f6ntened, milyen sz\u00ednt szeretn\u00e9l pontosan el\u00e9rni.\u00a0De sz\u00e1m\u00edt az is, milyen most a hajad: festett, term\u00e9szetes, s\u00f6t\u00e9t, vil\u00e1gos!\u00a0Ezeket a k\u00e9rd\u00e9seket mindenk\u00e9ppen meg kell v\u00e1laszolnod ahhoz, hogy kikeverhesd a sz\u0151k\u00edt\u0151 port a megfelel\u0151 er\u0151ss\u00e9g\u0171 hidrog\u00e9n-peroxid seg\u00edts\u00e9g\u00e9vel. \u00c9s akkor m\u00e9g a mennyis\u00e9gr\u0151l, id\u0151tartamr\u00f3l, felvitelr\u0151l sz\u00f3 sem esett, vagy arr\u00f3l, hogy a sz\u0151k\u00edt\u00e9s ut\u00e1n\u00a0milyen sz\u00ednnel fesd be a tincseidet\u00a0annak \u00e9rdek\u00e9ben, hogy el\u00e9rd az \u00e1h\u00edtott \u00e1rnyalatot\u2026<\/p>\n<p>Sz\u00f3val ha egy tan\u00e1csom lehet, nagyobb v\u00e1ltoztat\u00e1sba sose kezdj otthon, hanem k\u00e9rd a fodr\u00e1szod seg\u00edts\u00e9g\u00e9t, hiszen a sz\u00e9p v\u00e9geredm\u00e9ny csak \u00edgy garant\u00e1lhat\u00f3!<\/p>\n<h2>T\u00fal gyakran\/t\u00fal ritk\u00e1n festeted a hajadat<\/h2>\n<div>\n<p>Nem kell a hajad eg\u00e9szs\u00e9ge miatt agg\u00f3dnod, ha\u00a0megfelel\u0151 term\u00e9keket veszel, ugyanis a mai professzion\u00e1lis fest<img loading=\"lazy\" class=\"wp-image-591 alignright\" src=\"http:\/\/www.muzsik.hu\/wp-content\/uploads\/2015\/11\/ab6e19bbe4ef8c138fcce1d999c84393.jpg\" alt=\"ab6e19bbe4ef8c138fcce1d999c84393\" width=\"222\" height=\"344\" srcset=\"https:\/\/www.muzsik.hu\/wp-content\/uploads\/2015\/11\/ab6e19bbe4ef8c138fcce1d999c84393.jpg 670w, https:\/\/www.muzsik.hu\/wp-content\/uploads\/2015\/11\/ab6e19bbe4ef8c138fcce1d999c84393-194x300.jpg 194w, https:\/\/www.muzsik.hu\/wp-content\/uploads\/2015\/11\/ab6e19bbe4ef8c138fcce1d999c84393-661x1024.jpg 661w\" sizes=\"(max-width: 222px) 100vw, 222px\" \/>\u00e9kek m\u00e1r nem k\u00e1ros\u00edtj\u00e1k a hajadat (ha megfelel\u0151en haszn\u00e1lod \u0151ket). Ennek ellen\u00e9re \u00e9rdemes odafigyelned, hogy a hajsz\u00ednv\u00e1ltoztat\u00e1ssal ne ess t\u00falz\u00e1sba, de ne is hanyagold el t\u00falzottan a sz\u00ednezett tincseidet!<\/p>\n<p>Ha p\u00e9ld\u00e1ul\u00a0jelent\u0151s az elt\u00e9r\u00e9s\u00a0a festett, \u00e9s a term\u00e9szetes hajsz\u00edned k\u00f6z\u00f6tt, vagy\u00a0nagyon sok \u0151sz hajsz\u00e1lad van, akkor ak\u00e1r h\u00e1rom hetente is festethetsz, a maxim\u00e1lis k\u00fcl\u00f6nbs\u00e9g k\u00e9t sz\u00ednez\u00e9s k\u00f6z\u00f6tt viszont\u00a0maximum k\u00e9t h\u00f3nap legyen!<\/p>\n<h2>Hib\u00e1san fested a len\u00f6v\u00e9st<\/h2>\n<div>\n<p>Csak a len\u00f6v\u00e9sedet szeretn\u00e9d elt\u00fcntetni? Ett\u0151l m\u00e9g nem biztos, hogy kiz\u00e1r\u00f3lag a t\u00f6vekre kell majd felvinned a fest\u00e9ket! Ha p\u00e9ld\u00e1ul a\u00a0kor\u00e1bbi\u00a0sz\u00ednedn\u00e9l maradsz, akkor el\u0151sz\u00f6r csak a hajt\u0151re kell felvinned a kiv\u00e1lasztott fest\u00e9kedet, de k\u00e9s\u0151bb a hajv\u00e9geken is \u00e9rdemes eloszlatni, hogy egyenletes f\u00e9nyt kapjanak a tincseid.\u00a0Abban az esetben viszont, ha s\u00f6t\u00e9t\u00edteni szeretn\u00e9l, egyb\u0151l a\u00a0teljes hajhosszra kell felvinned a fest\u00e9ket.<\/p>\n<p>S\u0151t, mag\u00e1val a fest\u00e9kkel kapcsolatban is \u00e9rdemes m\u00e9rlegelned p\u00e1r dolgot:\u00a0sz\u00ednez\u0151t\u00a0akkor v\u00e1lassz, ha m\u00e9g nem volt festve a hajad,\u00a0hajfest\u00e9ket\u00a0akkor, ha\u00a0nagyobb, mark\u00e1nsabb v\u00e1ltoz\u00e1st szeretn\u00e9l,\u00a0amm\u00f3niamentes hajfest\u00e9ket\u00a0pedig akkor, ha kor\u00e1bban tapasztalt\u00e1l m\u00e1r irrit\u00e1ci\u00f3t hajfest\u00e9s k\u00f6zben.<\/p>\n<\/div>\n<\/div>\n<\/div>\n<\/div>\n<\/div>\n<\/div>\n","protected":false},"excerpt":{"rendered":"<p>\u00a05 hajfest\u00e9si hiba, amit szinte mindenki elk\u00f6vet B\u00e1r mostan\u00e1ban m\u00e1r egyre t\u00f6bbet besz\u00e9l\u00fcnk \u00e9s tudunk a haj\u00e1pol\u00e1sr\u00f3l \u00e9s a hajfest\u00e9sr\u0151l, m\u00e9gis van p\u00e1r alapvet\u0151 hiba, amit szinte mindenki elk\u00f6vet, mikor [&hellip;]<\/p>\n","protected":false},"author":1,"featured_media":591,"comment_status":"closed","ping_status":"open","sticky":false,"template":"","format":"standard","meta":[],"categories":[1],"tags":[],"_links":{"self":[{"href":"https:\/\/www.muzsik.hu\/index.php\/wp-json\/wp\/v2\/posts\/588"}],"collection":[{"href":"https:\/\/www.muzsik.hu\/index.php\/wp-json\/wp\/v2\/posts"}],"about":[{"href":"https:\/\/www.muzsik.hu\/index.php\/wp-json\/wp\/v2\/types\/post"}],"author":[{"embeddable":true,"href":"https:\/\/www.muzsik.hu\/index.php\/wp-json\/wp\/v2\/users\/1"}],"replies":[{"embeddable":true,"href":"https:\/\/www.muzsik.hu\/index.php\/wp-json\/wp\/v2\/comments?post=588"}],"version-history":[{"count":5,"href":"https:\/\/www.muzsik.hu\/index.php\/wp-json\/wp\/v2\/posts\/588\/revisions"}],"predecessor-version":[{"id":596,"href":"https:\/\/www.muzsik.hu\/index.php\/wp-json\/wp\/v2\/posts\/588\/revisions\/596"}],"wp:featuredmedia":[{"embeddable":true,"href":"https:\/\/www.muzsik.hu\/index.php\/wp-json\/wp\/v2\/media\/591"}],"wp:attachment":[{"href":"https:\/\/www.muzsik.hu\/index.php\/wp-json\/wp\/v2\/media?parent=588"}],"wp:term":[{"taxonomy":"category","embeddable":true,"href":"https:\/\/www.muzsik.hu\/index.php\/wp-json\/wp\/v2\/categories?post=588"},{"taxonomy":"post_tag","embeddable":true,"href":"https:\/\/www.muzsik.hu\/index.php\/wp-json\/wp\/v2\/tags?post=588"}],"curies":[{"name":"wp","href":"https:\/\/api.w.org\/{rel}","templated":true}]}}