{"id":572,"date":"2015-11-05T20:10:32","date_gmt":"2015-11-05T20:10:32","guid":{"rendered":"http:\/\/www.muzsik.hu\/?p=572"},"modified":"2016-02-25T12:50:24","modified_gmt":"2016-02-25T12:50:24","slug":"ujabb-fitt-hetvegenk-10-decathlon-fittarena","status":"publish","type":"post","link":"https:\/\/www.muzsik.hu\/index.php\/2015\/11\/05\/ujabb-fitt-hetvegenk-10-decathlon-fittarena\/","title":{"rendered":"\u00dajabb fitt h\u00e9tv\u00e9g\u00e9nk: 10. Decathlon FittAr\u00e9na"},"content":{"rendered":"<p><img loading=\"lazy\" class=\" wp-image-573 alignleft\" src=\"http:\/\/www.muzsik.hu\/wp-content\/uploads\/2015\/11\/IMG_1705.jpg\" alt=\"IMG_1705\" width=\"297\" height=\"173\" srcset=\"https:\/\/www.muzsik.hu\/wp-content\/uploads\/2015\/11\/IMG_1705.jpg 753w, https:\/\/www.muzsik.hu\/wp-content\/uploads\/2015\/11\/IMG_1705-300x175.jpg 300w\" sizes=\"(max-width: 297px) 100vw, 297px\" \/>Okt\u00f3ber utols\u00f3 h\u00e9tv\u00e9g\u00e9j\u00e9n ism\u00e9t &#8220;bevet\u00e9sen&#8221; volt a Muzsik Fodr\u00e1szat csapata \u00e9s t\u00f6bb mint 200 l\u00e1togat\u00f3t alak\u00edtott \u00e1t a 10. DECATHLON Fittar\u00e9n\u00e1n.<br \/>\nAz \u00e9v legfittebb napj\u00e1n k\u00f6zel 5800 lelkes sportember l\u00e1togatott el a 10. DECATHLON FittAr\u00e9n\u00e1ra. Ebb\u0151l az alkalomb\u00f3l t\u00f6bb mint 200 fell\u00e9p\u0151 20 sz\u00ednpadon, k\u00fcl\u00f6nb\u00f6z\u0151 st\u00edlus\u00fa fitnesz\u00f3r\u00e1kon mozgatta meg a k\u00f6z\u00f6ns\u00e9get.<br \/>\nErr\u0151l az esem\u00e9nyr\u0151l, mint az eg\u00e9szs\u00e9ges \u00e9letm\u00f3d elk\u00f6telezett h\u00edvei, mi sem hi\u00e1nyozhattunk, \u00e9s Bien Beauty Team tagjak\u00e8nt egy k\u00fcl\u00f6nleges akci\u00f3 keret\u00e9ben l\u00e9legzetel\u00e1ll\u00edt\u00f3 frizur\u00e1kkal aj\u00e1nd\u00e9koztuk meg a r\u00e9sztvev\u0151ket, akik a \u201ekik\u00e9pz\u00e9s\u201d ut\u00e1n \u00faj emberk\u00e9nt hagyhatt\u00e1k el r\u00f6gt\u00f6nz\u00f6tt szalonunkat.<br \/>\n<img loading=\"lazy\" class=\" wp-image-574 alignright\" src=\"http:\/\/www.muzsik.hu\/wp-content\/uploads\/2015\/11\/IMG_1709.jpg\" alt=\"IMG_1709\" width=\"250\" height=\"245\" srcset=\"https:\/\/www.muzsik.hu\/wp-content\/uploads\/2015\/11\/IMG_1709.jpg 640w, https:\/\/www.muzsik.hu\/wp-content\/uploads\/2015\/11\/IMG_1709-300x293.jpg 300w\" sizes=\"(max-width: 250px) 100vw, 250px\" \/>Sz\u00e9ps\u00e9gsarkunk olyannyira n\u00e9pszer\u0171 volt, 1,5 \u00f3r\u00e1val a rendezv\u00e9ny kezdete ut\u00e1n, betelt az \u00f6sszes a hely\u00fcnk.<br \/>\nIsm\u00e9t bebizonyosodott, hogy nagyon hasznos tud lenni ak\u00e1r 15 perc is, ha megfelel\u0151 szak\u00e9rtelemmel \u00e9s figyelemmel t\u00f6ltj\u00fck ki.<br \/>\nNagyon \u00f6r\u00fcl\u00fcnk, hogy r\u00e9szt vehett\u00fcnk ezen az esem\u00e9nyen is, hiszen rengeteg \u00faj emberrel ismerkedt\u00fcnk meg, sokaknak tudtunk \u00faj \u00f6tleteket \u00e9s tan\u00e1csokat adni. J\u00f3 l\u00e1tni, hogy az emberek szerint az eg\u00e9szs\u00e9ges \u00e9letm\u00f3dhoz nem csak a testmozg\u00e1s, de a b\u0151r \u00e9s a haj\u00e1pol\u00e1sa is hozz\u00e1tartozik.<\/p>\n","protected":false},"excerpt":{"rendered":"<p>Okt\u00f3ber utols\u00f3 h\u00e9tv\u00e9g\u00e9j\u00e9n ism\u00e9t &#8220;bevet\u00e9sen&#8221; volt a Muzsik Fodr\u00e1szat csapata \u00e9s t\u00f6bb mint 200 l\u00e1togat\u00f3t alak\u00edtott \u00e1t a 10. DECATHLON Fittar\u00e9n\u00e1n. Az \u00e9v legfittebb napj\u00e1n k\u00f6zel 5800 lelkes sportember l\u00e1togatott [&hellip;]<\/p>\n","protected":false},"author":1,"featured_media":574,"comment_status":"closed","ping_status":"open","sticky":false,"template":"","format":"standard","meta":[],"categories":[1],"tags":[],"_links":{"self":[{"href":"https:\/\/www.muzsik.hu\/index.php\/wp-json\/wp\/v2\/posts\/572"}],"collection":[{"href":"https:\/\/www.muzsik.hu\/index.php\/wp-json\/wp\/v2\/posts"}],"about":[{"href":"https:\/\/www.muzsik.hu\/index.php\/wp-json\/wp\/v2\/types\/post"}],"author":[{"embeddable":true,"href":"https:\/\/www.muzsik.hu\/index.php\/wp-json\/wp\/v2\/users\/1"}],"replies":[{"embeddable":true,"href":"https:\/\/www.muzsik.hu\/index.php\/wp-json\/wp\/v2\/comments?post=572"}],"version-history":[{"count":1,"href":"https:\/\/www.muzsik.hu\/index.php\/wp-json\/wp\/v2\/posts\/572\/revisions"}],"predecessor-version":[{"id":575,"href":"https:\/\/www.muzsik.hu\/index.php\/wp-json\/wp\/v2\/posts\/572\/revisions\/575"}],"wp:featuredmedia":[{"embeddable":true,"href":"https:\/\/www.muzsik.hu\/index.php\/wp-json\/wp\/v2\/media\/574"}],"wp:attachment":[{"href":"https:\/\/www.muzsik.hu\/index.php\/wp-json\/wp\/v2\/media?parent=572"}],"wp:term":[{"taxonomy":"category","embeddable":true,"href":"https:\/\/www.muzsik.hu\/index.php\/wp-json\/wp\/v2\/categories?post=572"},{"taxonomy":"post_tag","embeddable":true,"href":"https:\/\/www.muzsik.hu\/index.php\/wp-json\/wp\/v2\/tags?post=572"}],"curies":[{"name":"wp","href":"https:\/\/api.w.org\/{rel}","templated":true}]}}