{"id":551,"date":"2015-11-01T20:27:08","date_gmt":"2015-11-01T20:27:08","guid":{"rendered":"http:\/\/www.muzsik.hu\/?p=551"},"modified":"2016-03-29T16:59:27","modified_gmt":"2016-03-29T16:59:27","slug":"minden-amit-tudnod-kell-mielott-bevallalsz-egy-szines-festest","status":"publish","type":"post","link":"https:\/\/www.muzsik.hu\/index.php\/2015\/11\/01\/minden-amit-tudnod-kell-mielott-bevallalsz-egy-szines-festest\/","title":{"rendered":"Minden, amit tudnod kell, miel\u0151tt bev\u00e1llalsz egy sz\u00ednes fest\u00e9st"},"content":{"rendered":"<div>\n<p><a href=\"http:\/\/www.muzsik.hu\/wp-content\/uploads\/2015\/10\/bien_logo_szlogen_nelkul_300dpi_rgb.png\"><img loading=\"lazy\" class=\" wp-image-449 alignright\" src=\"http:\/\/www.muzsik.hu\/wp-content\/uploads\/2015\/10\/bien_logo_szlogen_nelkul_300dpi_rgb.png\" alt=\"bien_logo_szlogen_nelkul_300dpi_rgb\" width=\"176\" height=\"66\" \/><\/a>A sz\u00ednes, felt\u0171n\u0151 tincsek tal\u00e1n minden eddigin\u00e9l divatosabbak, nem besz\u00e9lve az igaz\u00e1n egyedi \u00e9s k\u00fcl\u00f6nleges fest\u00e9si technik\u00e1kr\u00f3l. Ha \u00e9pp azon gondolkozol, hogy befestesd a hajad\u00a0egy\u00a0felt\u0171n\u0151 \u00e9s egyedi\u00a0sz\u00ednre, nem \u00e1rt n\u00e9h\u00e1ny dolgod figyelembe venned, miel\u0151tt kiv\u00e1lasztod a megfelel\u0151 \u00e1rnyalatot.<\/p>\n<\/div>\n<div>\n<h3>Az idei divat szerint milyen sz\u00ednek h\u00f3d\u00edtanak igaz\u00e1n?<\/h3>\n<p>Az \u0151szi trend \u2013 mondhatjuk, szok\u00e1sosan \u2013 \u00e9pp\u00fagy v\u00e1ltozik, ahogy az id\u0151j\u00e1r\u00e1s. A hajsz\u00ednek egyre ink\u00e1bb\u00a0s\u00f6t\u00e9tebbek a ny\u00e1ri ir\u00e1nyzatokhoz k\u00e9pest. Megjelennek a v\u00f6r\u00f6sek, a barn\u00e1k, a s\u00f6t\u00e9tsz\u0151k\u00e9k \u00e9s a csokis-rezes \u00e1rnyalatok. Ny\u00e1ron ehhez k\u00e9pest nagy kontrasztban voltak a sz\u00ednek egym\u00e1ssal, hiszen a meleg h\u00f3napokban \u00e9l\u00e9nkek, vid\u00e1mak a t\u00f3nusok, ilyenkor minden belef\u00e9r.<\/p>\n<p>Az \u0151szi melegebb, visszafogottabb \u00e1rnyalatokkal\u00a0azonban pr\u00f3b\u00e1ljuk ellens\u00falyozni a bor\u00fasabb id\u0151j\u00e1r\u00e1st, az \u00e9v m\u00e1sodik fel\u00e9ben az a l\u00e9nyeg, hogy\u00a0a sz\u00ednek min\u00e9l l\u00e1gyabbak \u00e9s finomabbak legyenek\u00a0\u2013 legal\u00e1bbis, ha az \u00e1ltal\u00e1nos hajfest\u00e9st vessz\u00fck figyelembe, nem pedig a felt\u0171n\u0151, sz\u00ednes tincseket.\u00a0Akik a trendet dikt\u00e1lj\u00e1k, az \u0151szi-t\u00e9li kollekci\u00f3ban jelenleg a s\u00f6t\u00e9tebb t\u00f3nus\u00fa, hidegebb, el\u00e9nk sz\u00edneket haszn\u00e1lj\u00e1k.<\/p>\n<h3><a href=\"http:\/\/www.muzsik.hu\/wp-content\/uploads\/2015\/11\/kek_haj.jpg\"><img loading=\"lazy\" class=\"wp-image-552 alignleft\" src=\"http:\/\/www.muzsik.hu\/wp-content\/uploads\/2015\/11\/kek_haj.jpg\" alt=\"kek_haj\" width=\"357\" height=\"209\" srcset=\"https:\/\/www.muzsik.hu\/wp-content\/uploads\/2015\/11\/kek_haj.jpg 752w, https:\/\/www.muzsik.hu\/wp-content\/uploads\/2015\/11\/kek_haj-300x176.jpg 300w\" sizes=\"(max-width: 357px) 100vw, 357px\" \/><\/a> Mi alapj\u00e1n \u00e9rdemes sz\u00ednt v\u00e1lasztani? Mindenkinek j\u00f3l \u00e1llnak a divatsz\u00ednek, vagy nem \u00e1rt ezzel \u00f3vatosan b\u00e1nni?<\/h3>\n<p>Mindenk\u00e9ppen fontos a hajsz\u00edn kiv\u00e1laszt\u00e1s\u00e1n\u00e1l, hogy milyen \u00e9vszakhoz tartozunk, ugyanis\u00a0a b\u0151r-, haj- \u00e9s szemsz\u00edn alapj\u00e1n elk\u00fcl\u00f6n\u00edthet\u00fcnk egym\u00e1st\u00f3l tavasz, ny\u00e1r, \u0151sz \u00e9s t\u00e9l t\u00edpus\u00fa embereket. El\u0151sz\u00f6r teh\u00e1t azt kell m\u00e9rlegelni, hogy a hideg, vagy a meleg \u00e1rnyalatok azok, amik igaz\u00e1n j\u00f3l \u00e1llnak. A divat szerencs\u00e9re mindig olyan, hogy egyar\u00e1nt k\u00edn\u00e1l hideg \u00e9s meleg sz\u00edneket is, teh\u00e1t nem kell lemondanod a trendekr\u0151l csak az\u00e9rt, mert egy bizonyos t\u00edpusba tartozol. Egy\u00e9bk\u00e9nt a divaton t\u00faltekintve,\u00a0a ny\u00e1r-\u0151sz t\u00edpus\u00faaknak a narancs, piros, s\u00e1rga, a tavasz-t\u00e9l t\u00edpus\u00faaknak pedig a k\u00e9k, z\u00f6ld, lila\u00a0\u00e1ll igaz\u00e1n j\u00f3l az \u00e9l\u00e9nkebb sz\u00ednek k\u00f6z\u00fcl.<\/p>\n<h3>Besz\u00e9lj\u00fcnk kicsit a technik\u00e1kr\u00f3l! Jelenleg mi az, ami igaz\u00e1n divatos?<\/h3>\n<p>Az ut\u00f3bbi id\u0151ben sz\u00e1mtalan mel\u00edr technika indult h\u00f3d\u00edt\u00f3 k\u00f6r\u00fatra. A teljess\u00e9g ig\u00e9nye n\u00e9lk\u00fcl ilyen\u00a0az ombre-, a balayage, a tekn\u0151sp\u00e1nc\u00e9l (ecaille), copacabana \u00e9s a sombre\u00a0fest\u00e9s. A sombre egy kifinomultabb, l\u00e1gyabb \u00e1tmenetet k\u00e9pez a sz\u00ednek k\u00f6z\u00f6tt az ombr\u00e9hoz\u00a0k\u00e9pest, a copacaban\u00e1ban viszont t\u00f6bb sz\u00ednt lehet alkalmazni.\u00a0Az ecaille eset\u00e9ben egy olyan sablont haszn\u00e1lunk, ami tekn\u0151sp\u00e1nc\u00e9lra hasonl\u00edt, \u00e9s amit tetsz\u0151legesen helyez\u00fcnk el a hajfest\u00e9sn\u00e9l, a balayage eset\u00e9ben pedig a fest\u00e9s sor\u00e1n k\u00e9zzel helyezz\u00fck el a vil\u00e1gosabb tincseket a form\u00e1nak megfelel\u0151en.<\/p>\n<p>Haz\u00e1nkban m\u00e9g szinte \u00fajdons\u00e1gnak sz\u00e1m\u00edt\u00a0a pixel, amiben h\u00e1rom sz\u00ednt alkalmazunk egym\u00e1son enyh\u00e9n elcs\u00fasztatva\u00a0\u00fagy, hogy a pixelhat\u00e1st \u00e9letre h\u00edvjuk.\u00a0Ezeket a technik\u00e1kat a mai napig el\u0151szeretettel alkalmazzuk a fodr\u00e1szatban att\u00f3l f\u00fcgg\u0151en, a vend\u00e9g milyen hat\u00e1st szeretne el\u00e9rni, illetve, hogy az adott hajt\u00edpushoz, fazonhoz mi az, ami igaz\u00e1n passzol.<\/p>\n<h3><img loading=\"lazy\" class=\"wp-image-553 alignright\" src=\"http:\/\/www.muzsik.hu\/wp-content\/uploads\/2015\/11\/szines_haj.jpg\" alt=\"szines_haj\" width=\"294\" height=\"172\" srcset=\"https:\/\/www.muzsik.hu\/wp-content\/uploads\/2015\/11\/szines_haj.jpg 752w, https:\/\/www.muzsik.hu\/wp-content\/uploads\/2015\/11\/szines_haj-300x176.jpg 300w\" sizes=\"(max-width: 294px) 100vw, 294px\" \/>Aki sz\u00ednes tincseket szeretne, mivel kalkul\u00e1lhat? Milyen s\u0171r\u0171n kell l\u00e1togatnia a fodr\u00e1sz\u00e1t, ha szeretn\u00e9 meg\u0151rizni eg\u00e9szs\u00e9ges, sz\u00ednes f\u00fcrtjeit?<\/h3>\n<p>Az igaz\u00e1n sz\u00ednes, \u00e9l\u00e9nk hajsz\u00ednek el\u0151tt mindenk\u00e9ppen\u00a0sz\u0151k\u00edt\u0151 porral kell vil\u00e1gos\u00edtani a hajat, kiv\u00e9ve, ha az eredeti hajsz\u00edn sz\u0151ke, mert akkor egy l\u00e9p\u00e9ssel el\u0151r\u00e9bb j\u00e1runk az \u00e1h\u00edtott eredm\u00e9nyhez.\u00a0Az \u00e9l\u00e9nk sz\u00ednek k\u00f6nnyen \u00e9s hamar kikopnak a hajb\u00f3l, emiatt van az, hogy\u00a0k\u00e9thetente \u00e1t kell esni egy sz\u00ednfriss\u00edt\u00e9sen, de ehhez nem kell felt\u00e9tlen\u00fcl fodr\u00e1szhoz menni. Mivel az \u00e9l\u00e9nk sz\u00ednek csak hajsz\u00ednez\u0151k, nem tartalmaznak amm\u00f3ni\u00e1t, nem olyan neh\u00e9z b\u00e1nni vel\u00fck. Ha a te fodr\u00e1szod is megmutatja a megfelel\u0151 technik\u00e1t, \u00e9s nem t\u00fal bonyolult fest\u00e9si elj\u00e1r\u00e1son est\u00e9l \u00e1t, akkor\u00a0ak\u00e1r otthon is friss\u00edtheted az \u00e9l\u00e9nk alapsz\u00ednt. Ellenkez\u0151 esetben kalkul\u00e1lnod kell vele, hogy az igaz\u00e1n eszt\u00e9tikus eredm\u00e9ny\u00e9rt k\u00e9thetente be kell ugranod a szalonba.<\/p>\n<p>Azonban nagyon fontos, hogy m\u00edg a friss\u00edt\u00e9st elv\u00e9gezheted ak\u00e1r otthon is, addig\u00a0a sz\u0151k\u00edt\u00e9st mindenk\u00e9ppen b\u00edzd szakemberre, mert ez a k\u00e9miai kezel\u00e9s hihetetlen m\u00e9rt\u00e9kben k\u00e1ros\u00edthatja a hajsz\u00e1laidat. A hidrog\u00e9n-peroxid haszn\u00e1lata m\u00e1r nem egyszer\u0171 dolog, \u00e9rteni kell hozz\u00e1, \u00e9s annak f\u00fcggv\u00e9ny\u00e9ben kell kikeverni \u00e9s\u00a0feltenni, hogy milyen sz\u00edneredm\u00e9nyt szeretn\u00e9l el\u00e9rni.<\/p>\n<h3>Vannak olyan hajszerkezet jav\u00edt\u00f3 kezel\u00e9sek, amik seg\u00edtenek a haj eg\u00e9szs\u00e9g\u00e9nek meg\u0151rz\u00e9s\u00e9ben? Vagy \u00f3hatatlan, hogy a sz\u00ednes tincsekkel, a sz\u0151k\u00edt\u00e9ssel a hajsz\u00e1lak is k\u00e1rosodnak?<\/h3>\n<p>Ma m\u00e1r igaz\u00e1n kiv\u00e1l\u00f3 term\u00e9keket tal\u00e1lhatsz az \u00fczletekben, amikkel te magad otthon, illetve a fodr\u00e1szod a szalonban\u00a0csod\u00e1kat tehet. Ilyen pl.\u00a0<a href=\"http:\/\/www.bien.hu\/szepseg-es-divat\/haj-frizura\/szokites-kompromisszumok-nelkul-51-ok-miert-probald-ki-a-fibreplex-rendszert-x\/122085\" target=\"_blank\">Fibreplex<\/a>, ami m\u00e9g \u00fajdons\u00e1gnak sz\u00e1m\u00edt, de hihetetlen v\u00e9delmet biztos\u00edt a hajnak. Tulajdonk\u00e9ppen egy\u00a0innovat\u00edv, h\u00e1roml\u00e9p\u00e9ses hajk\u00f6t\u00e9s-er\u0151s\u00edt\u0151 rendszerr\u0151l\u00a0besz\u00e9l\u00fcnk, ami sz\u0151k\u00edt\u00e9s, fest\u00e9s \u00e9s vil\u00e1gos\u00edt\u00e1s sor\u00e1n extra v\u00e9delmet ad a sz\u00e1laknak. Ezent\u00fal nem kell kompromisszumot k\u00f6tn\u00f6d, ugyanis a kezel\u00e9s hat\u00e1s\u00e1ra\u00a0ak\u00e1r 94%-kal kevesebb t\u00f6redezett hajsz\u00e1lad lehet! Emellett persze kipr\u00f3b\u00e1lhatod m\u00e9g a\u00a0keratinos haj\u00e1pol\u00e1st\u00a0is, ami a haj egyik legfontosabb alapanyag\u00e1t \u00e9p\u00edti be a sz\u00e1lakba a k\u00fara alatt, \u00e9s nagym\u00e9rt\u00e9kben felel\u0151s annak sz\u00e9ps\u00e9g\u00e9\u00e9rt, kezelhet\u0151s\u00e9g\u00e9rt. De persze az otthoni \u00e1pol\u00e1s sem elhanyagolhat\u00f3 t\u00e9nyez\u0151\u2026<\/p>\n<h3>\u00c9rdemes sz\u00fcnetet tartani a fest\u00e9sek k\u00f6z\u00f6tt, \u00e9s\u00a0k\u00edm\u00e9lni a hajat? Van \u00e9rtelme a hagyom\u00e1nyos sz\u00ednekhez visszat\u00e9rni?<\/h3>\n<p>Igaz\u00e1b\u00f3l ma m\u00e1r nincs erre sz\u00fcks\u00e9g, mert\u00a0a professzion\u00e1lis anyagok nem k\u00e1ros\u00edtj\u00e1k a hajadat, f\u0151leg, ha szakemberre b\u00edzod a v\u00e1ltoztat\u00e1sokat. Ut\u00f3bbit illet\u0151en annyit meg kell jegyezni, hogy\u00a0mindenk\u00e9ppen \u00e9rdemes fodr\u00e1sszal konzult\u00e1lnod, miel\u0151tt egy\u00e1ltal\u00e1n id\u0151pontot k\u00e9rn\u00e9l a fest\u00e9shez. J\u00f3, ha tudod, mivel is j\u00e1r a proced\u00fara, milyen s\u0171r\u0171n kell friss\u00edt\u00e9sre j\u00e1rnod, tudod-e magadnak otthon festeni a hajadat, vagy mindig be kell menned a szalonba, illetve hogyan tudod kezelni a festett, sz\u00ednes hajadat.<\/p>\n<\/div>\n","protected":false},"excerpt":{"rendered":"<p>A sz\u00ednes, felt\u0171n\u0151 tincsek tal\u00e1n minden eddigin\u00e9l divatosabbak, nem besz\u00e9lve az igaz\u00e1n egyedi \u00e9s k\u00fcl\u00f6nleges fest\u00e9si technik\u00e1kr\u00f3l. Ha \u00e9pp azon gondolkozol, hogy befestesd a hajad\u00a0egy\u00a0felt\u0171n\u0151 \u00e9s egyedi\u00a0sz\u00ednre, nem \u00e1rt n\u00e9h\u00e1ny [&hellip;]<\/p>\n","protected":false},"author":1,"featured_media":555,"comment_status":"closed","ping_status":"open","sticky":false,"template":"","format":"standard","meta":[],"categories":[8],"tags":[],"_links":{"self":[{"href":"https:\/\/www.muzsik.hu\/index.php\/wp-json\/wp\/v2\/posts\/551"}],"collection":[{"href":"https:\/\/www.muzsik.hu\/index.php\/wp-json\/wp\/v2\/posts"}],"about":[{"href":"https:\/\/www.muzsik.hu\/index.php\/wp-json\/wp\/v2\/types\/post"}],"author":[{"embeddable":true,"href":"https:\/\/www.muzsik.hu\/index.php\/wp-json\/wp\/v2\/users\/1"}],"replies":[{"embeddable":true,"href":"https:\/\/www.muzsik.hu\/index.php\/wp-json\/wp\/v2\/comments?post=551"}],"version-history":[{"count":1,"href":"https:\/\/www.muzsik.hu\/index.php\/wp-json\/wp\/v2\/posts\/551\/revisions"}],"predecessor-version":[{"id":554,"href":"https:\/\/www.muzsik.hu\/index.php\/wp-json\/wp\/v2\/posts\/551\/revisions\/554"}],"wp:featuredmedia":[{"embeddable":true,"href":"https:\/\/www.muzsik.hu\/index.php\/wp-json\/wp\/v2\/media\/555"}],"wp:attachment":[{"href":"https:\/\/www.muzsik.hu\/index.php\/wp-json\/wp\/v2\/media?parent=551"}],"wp:term":[{"taxonomy":"category","embeddable":true,"href":"https:\/\/www.muzsik.hu\/index.php\/wp-json\/wp\/v2\/categories?post=551"},{"taxonomy":"post_tag","embeddable":true,"href":"https:\/\/www.muzsik.hu\/index.php\/wp-json\/wp\/v2\/tags?post=551"}],"curies":[{"name":"wp","href":"https:\/\/api.w.org\/{rel}","templated":true}]}}