{"id":276,"date":"2021-04-30T03:15:00","date_gmt":"2021-04-30T01:15:00","guid":{"rendered":"http:\/\/muszik.kisswebs.com\/?p=276"},"modified":"2024-04-03T19:00:32","modified_gmt":"2024-04-03T17:00:32","slug":"bien","status":"publish","type":"post","link":"https:\/\/www.muzsik.hu\/index.php\/2021\/04\/30\/bien\/","title":{"rendered":"A legjobb iskolaid\u00e9z\u0151 frizur\u00e1k, amiket a munkahelyeden is bevethetsz"},"content":{"rendered":"<p>&nbsp;<\/p>\n<p>Tal\u00e1n m\u00e1r nem egyetemista fejjel v\u00e1gsz neki a szeptembernek, de ne agg\u00f3dj, n\u00e9mi nosztalgi\u00e1z\u00e1ssal te is \u00e1t\u00e9lheted ennek a k\u00fcl\u00f6nleges id\u0151szaknak a hangulat\u00e1t. Hogyan? P\u00e9ld\u00e1ul ezekkel a k\u00f6nnyen elk\u00e9sz\u00edthet\u0151, m\u00e9gis izgalmas, iskolaid\u00e9z\u0151 frizur\u00e1kkal!<\/p>\n<p>V\u00e9kony sz\u00e1l\u00fa hajad van?<img loading=\"lazy\" class=\"wp-image-277 size-medium alignleft\" src=\"http:\/\/muszik.kisswebs.com\/wp-content\/uploads\/2015\/09\/elso-300x176.jpg\" alt=\"elso\" width=\"300\" height=\"176\" srcset=\"https:\/\/www.muzsik.hu\/wp-content\/uploads\/2015\/09\/elso-300x176.jpg 300w, https:\/\/www.muzsik.hu\/wp-content\/uploads\/2015\/09\/elso.jpg 751w\" sizes=\"(max-width: 300px) 100vw, 300px\" \/><\/p>\n<p>Ez a hajt\u00edpus d\u00fasabbnak \u00e9s l\u00e1tv\u00e1nyosabbnak t\u0171nik, ha <strong>egy kis hull\u00e1mmal megbolond\u00edtod,<\/strong> ezzel is felid\u00e9zve a kisl\u00e1nyosan b\u00e1jos loknikat.<\/p>\n<p>Megannyi technika k\u00f6z\u00fcl v\u00e1laszthatsz, a hajs\u00fct\u0151vasakon t\u00fal kipr\u00f3b\u00e1lhatod a k\u00edm\u00e9l\u0151 megold\u00e1sokat is (pl. a hagyom\u00e1nyos hajcsavar\u00f3kat), amik a h\u0151hat\u00e1s hi\u00e1ny\u00e1ban<strong> nem k\u00e1ros\u00edtj\u00e1k a hajsz\u00e1laidat.<\/strong><\/p>\n<p>Esetedben nem sz\u00e1m\u00edt a v\u00e1laszt\u00e9k, sem az, hogy a hull\u00e1mok t\u00f6k\u00e9letesen egy ir\u00e1nyba \u00e1lljanak, s\u0151t, <strong>min\u00e9l k\u00f3cosabb a hat\u00e1s, ann\u00e1l jobb! <\/strong><\/p>\n<p>A c\u00e9l \u00e9rdek\u00e9ben haszn\u00e1lj <strong>volumenn\u00f6vel\u0151 sampont, balzsamot, <\/strong>\u00e9s ne feledkezz meg a speci\u00e1lis kondicion\u00e1l\u00f3kr\u00f3l, hajhabokr\u00f3l sem.<\/p>\n<p>Ezt a frizur\u00e1t pr\u00f3b\u00e1ld ki!<\/p>\n<p>Miut\u00e1n megsz\u00e1r\u00edtottad a hajadat, hajs\u00fct\u0151vas\u00a0vagy hajvasal\u00f3 seg\u00edts\u00e9g\u00e9vel k\u00e9sz\u00edts l\u00e1gy hull\u00e1mokat \u2013 b\u0151ven elegend\u0151, ha csup\u00e1n<strong> a tincsek als\u00f3 r\u00e9sz\u00e9vel<\/strong> foglalkozol, nem kell az eg\u00e9sz frizur\u00e1dat bes\u00fctn\u00f6d.<\/p>\n<p>Ezut\u00e1n v\u00e1lassz le egy-egy tincset az arcod k\u00e9t oldal\u00e1r\u00f3l, majd <strong>kezd el \u0151ket csavarni h\u00e1trafel\u00e9. <\/strong><\/p>\n<p>A fejed h\u00e1ts\u00f3 r\u00e9sz\u00e9n, k\u00f6z\u00e9pen <strong>fogd \u00f6ssze a k\u00e9t tincset <\/strong>egy \u00e1ttetsz\u0151 hajgumival, \u00e9s ha nincs t\u00fal nagy k\u00e9z\u00fcgyess\u00e9ged, akkor m\u00e1r el is k\u00e9sz\u00fclt\u00e9l.<\/p>\n<p>Ha viszont szereted a fonatokat, az egybefogott tincsekb\u0151l <strong>halsz\u00e1lkafon\u00e1ssal<\/strong> k\u00e9sz\u00edts egy l\u00e1tv\u00e1nyosabb frizur\u00e1t.<\/p>\n<p>\u00dcgyelj r\u00e1, hogy a fonat \u00e9s a loknik is kell\u0151en laz\u00e1k legyenek!<\/p>\n<p><a href=\"http:\/\/muszik.kisswebs.com\/wp-content\/uploads\/2015\/09\/e37dc00563f3fb90a77e32667094e18b.jpg\"><img loading=\"lazy\" class=\"wp-image-326 alignright\" src=\"http:\/\/muszik.kisswebs.com\/wp-content\/uploads\/2015\/09\/e37dc00563f3fb90a77e32667094e18b-200x300.jpg\" alt=\"e37dc00563f3fb90a77e32667094e18b\" width=\"111\" height=\"167\" srcset=\"https:\/\/www.muzsik.hu\/wp-content\/uploads\/2015\/09\/e37dc00563f3fb90a77e32667094e18b-200x300.jpg 200w, https:\/\/www.muzsik.hu\/wp-content\/uploads\/2015\/09\/e37dc00563f3fb90a77e32667094e18b-683x1024.jpg 683w, https:\/\/www.muzsik.hu\/wp-content\/uploads\/2015\/09\/e37dc00563f3fb90a77e32667094e18b.jpg 736w\" sizes=\"(max-width: 111px) 100vw, 111px\" \/><\/a>Vastag sz\u00e1l\u00fa hajad van?<\/p>\n<p>Ha vastag sz\u00e1l\u00fa \u00e9s eg\u00e9szs\u00e9ges a hajad, akkor<strong> igaz\u00e1n k\u00f6nny\u0171 dolgod van,<\/strong> hiszen esetedben az egyenes, esetleg vasal\u00f3val megigaz\u00edtott frizura igaz\u00e1n t\u00f6k\u00e9letes v\u00e1laszt\u00e1s.<\/p>\n<p>Mivel hajad t\u00f6mege \u00f6nmag\u00e1ban is j\u00f3l mutat, az \u00e9v minden szak\u00e1ban viselheted kiengedve, esetleg enyh\u00e9n hull\u00e1mos\u00edtva, ha kicsit unalmasnak tal\u00e1lod a sz\u00f6gegyenes sz\u00e1lakat.<\/p>\n<p>Ezen fel\u00fcl j\u00f3 \u00f6tlet lehet, ha k\u00fcl\u00f6nf\u00e9le <strong>copfokkal, fon\u00e1sokkal, vagy \u00e9ppen csavart frizur\u00e1kkal<\/strong> pr\u00f3b\u00e1lkozol, hiszen ezek k\u00f6nnyen elk\u00e9sz\u00edthet\u0151ek, \u00e9s a d\u00fas hajban igaz\u00e1n j\u00f3l mutatnak.<\/p>\n<p>Az \u00e1pol\u00e1st illet\u0151en \u0151sszel se feledkezz meg a hidrat\u00e1l\u00f3kr\u00f3l: olyanokat v\u00e1lassz, amik<strong> magas keratin tartalm\u00faak, <\/strong>a szalonfrizura \u00e9rdek\u00e9ben a fodr\u00e1szodt\u00f3l ak\u00e1r keratinos hajegyenes\u00edt\u00e9st is k\u00e9rhetsz.<\/p>\n<p>Ezt a frizur\u00e1t pr\u00f3b\u00e1ld ki!<\/p>\n<p>Ehhez a frizur\u00e1hoz kifejezetten j\u00f3l \u00e1ll a te egyenes, s\u0171r\u0171 hajad, amit k\u00f6nnyen megbolond\u00edthatsz a fonatok seg\u00edts\u00e9g\u00e9vel.<\/p>\n<p>L\u00e1thatod,<strong> nem kell nagy k\u00e9z\u00fcgyess\u00e9g<\/strong> \u00e9s tud\u00e1s ahhoz, hogy ezt a frizur\u00e1t elk\u00e9sz\u00edtsd, csup\u00e1n a teljesen hagyom\u00e1nyos<strong> h\u00e1rmas fon\u00e1s<\/strong> technik\u00e1j\u00e1val kell tiszt\u00e1ban lenned.<\/p>\n<p>Miut\u00e1n el\u0151k\u00e9sz\u00edtetted \u00e9s kivasaltad a hajadat, <strong>v\u00e1lassz le bel\u0151le egy-egy tincset, <\/strong>k\u00f6zvetlen\u00fcl az arcod mell\u0151l, a f\u00fcled m\u00f6g\u00fcl. Mindk\u00e9t tincset fond be, \u00e9s \u00e1ttetsz\u0151 hajgumival r\u00f6gz\u00edtsd \u0151ket a biztos tart\u00e1s \u00e9rdek\u00e9ben.<\/p>\n<p>Ezut\u00e1n <strong>vezesd \u00e1t a fejed m\u00f6g\u00f6tt a jobb tincset balra, <\/strong>majd t\u0171zd hozz\u00e1 a fonatot a hajad kiengedett r\u00e9sz\u00e9hez.<\/p>\n<p>Utols\u00f3 l\u00e9p\u00e9sben ugyanezt <strong>ism\u00e9teld meg a bal tinccsel, <\/strong>v\u00e9g\u00fcl igazgasd el a fonatokat, \u00e9s m\u00e1r mehetsz is.<\/p>\n<p>K\u00f6nnyen zs\u00edrosodik a hajad?<\/p>\n<p>Az \u00e9v minden szakasz\u00e1ban probl\u00e9m\u00e1t okozhat sz\u00e1modra, ha t\u00fal k\u00f6nnyen zs\u00edrosodik a hajad, de szerencs\u00e9re sok praktik\u00e1t kipr\u00f3b\u00e1lhatsz, amikkel jav\u00edthatsz a helyzeten.<\/p>\n<p>\u00c9rdemes olyan frizur\u00e1t v\u00e1gatnod, ami<strong> \u00e1tmenetes, l\u00e9pcs\u0151zetes,<\/strong> \u00edgy nehezebben fog lelapulni, te pedig k\u00f6nnyebben tudod majd kezelni.<\/p>\n<p>Legyen a hajad<strong> min\u00e9l k\u00f3cosabb \u00e9s laz\u00e1bb, <\/strong>semmik\u00e9ppen se fejre simul\u00f3, hiszen \u00edgy l\u00e1tv\u00e1nyoss\u00e1 v\u00e1lhat a zs\u00edross\u00e1ga.<\/p>\n<p>Haszn\u00e1lj speci\u00e1lisan zs\u00edros hajra kialak\u00edtott term\u00e9keket, de <strong>a balzsamodat ne kend a fejb\u0151r\u00f6dre,<\/strong> kb. \u00f6t centi r\u00e1hagy\u00e1ssal oszlasd el a sz\u00e1lakon.<\/p>\n<p>A hajt\u0151emel\u0151 kondicion\u00e1l\u00f3 \u00e9s a <strong>sz\u00e1raz sampon <\/strong>is j\u00f3 bar\u00e1tod lehet, ut\u00f3bbi kicsit megn\u00f6velheti a k\u00e9t hajmos\u00e1s k\u00f6z\u00f6tt eltelt id\u0151t.<\/p>\n<p>Ezt a frizur\u00e1t pr\u00f3b\u00e1ld ki!<\/p>\n<p>A k\u00f3cos hat\u00e1s fontos a zs\u00edros haj eset\u00e9ben, de ez nem jelenti azt, hogy sose viselhetn\u00e9l kontyot.<\/p>\n<p>Miut\u00e1n a frizur\u00e1dat el\u0151k\u00e9sz\u00edtetted, kicsit <strong>k\u00f3cold \u00f6ssze a tincseidet<\/strong> (seg\u00edtheted a hajt\u0151 emel\u00e9st, ha el\u0151re hajtod a fejedet hajsz\u00e1r\u00edt\u00e1s k\u00f6zben).<\/p>\n<p>F\u00e9s\u00fcld h\u00e1tra a sz\u00e1lakat \u00e9s <strong>a fejed m\u00f6g\u00f6tt v\u00e1laszd el \u0151ket k\u00f6z\u00e9pen. <\/strong><\/p>\n<p>Ezut\u00e1n egy \u00e9rdekes mozdulat j\u00f6n: egyszer\u0171en <strong>k\u00f6ss csom\u00f3t <\/strong>a k\u00e9t tincs seg\u00edts\u00e9g\u00e9vel! (Ne agg\u00f3dj, k\u00f6nnyen sz\u00e9t tudod majd szedni \u0151ket!)<\/p>\n<p>A csom\u00f3b\u00f3l kil\u00f3g\u00f3 tincseket k\u00fcl\u00f6n-k\u00fcl\u00f6n v\u00e9gig kell vezetned a k\u00f6z\u00e9ppont k\u00f6r\u00fcl, mik\u00f6zben v\u00e9gig \u00fcgyelsz, hogy a sz\u00e1lak tart\u00e1sa laza legyen.<\/p>\n<p><strong>A jobb oldali tinccsel balra, a ballal jobbra<\/strong> haladj, majd mindegyiket r\u00f6gz\u00edtsd egy-egy hull\u00e1mcsat seg\u00edts\u00e9g\u00e9vel.<\/p>\n<p>Muzsik Fodr\u00e1szat<\/p>\n<p>Ha nem csak olvasni szeretn\u00e9d fodr\u00e1sz szak\u00e9rt\u0151nk cikkeit, de \u00f6r\u00fcln\u00e9l, ha szem\u00e9lyes tan\u00e1csokkal is ell\u00e1tna\u00a0\u00e9s kezel\u00e9sbe venn\u00e9 a frizur\u00e1dat, akkor jelentkezz be hozz\u00e1 a Muzsik Szalonba! \ud83d\ude42<br \/>\n<a href=\"https:\/\/www.facebook.com\/MuzsikFodraszatHivatalos\">Muzsik Fodr\u00e1szat Facebook<\/a><\/p>\n<p><strong>Szem\u00e9lyes \u00e9s telefonos bejelentkez\u00e9s:\u00a0<\/strong><\/p>\n<p>Budapest, B\u00e9csi \u00fat 92.<br \/>\n(1) 367 4860<\/p>\n<p><a href=\"http:\/\/www.muzsik.eu\/\">www.muzsik.eu<\/a><\/p>\n<p>&nbsp;<\/p>\n","protected":false},"excerpt":{"rendered":"<p>&nbsp; Tal\u00e1n m\u00e1r nem egyetemista fejjel v\u00e1gsz neki a szeptembernek, de ne agg\u00f3dj, n\u00e9mi nosztalgi\u00e1z\u00e1ssal te is \u00e1t\u00e9lheted ennek a k\u00fcl\u00f6nleges id\u0151szaknak a hangulat\u00e1t. Hogyan? P\u00e9ld\u00e1ul ezekkel a k\u00f6nnyen elk\u00e9sz\u00edthet\u0151, [&hellip;]<\/p>\n","protected":false},"author":1,"featured_media":277,"comment_status":"closed","ping_status":"closed","sticky":false,"template":"","format":"standard","meta":[],"categories":[1],"tags":[],"_links":{"self":[{"href":"https:\/\/www.muzsik.hu\/index.php\/wp-json\/wp\/v2\/posts\/276"}],"collection":[{"href":"https:\/\/www.muzsik.hu\/index.php\/wp-json\/wp\/v2\/posts"}],"about":[{"href":"https:\/\/www.muzsik.hu\/index.php\/wp-json\/wp\/v2\/types\/post"}],"author":[{"embeddable":true,"href":"https:\/\/www.muzsik.hu\/index.php\/wp-json\/wp\/v2\/users\/1"}],"replies":[{"embeddable":true,"href":"https:\/\/www.muzsik.hu\/index.php\/wp-json\/wp\/v2\/comments?post=276"}],"version-history":[{"count":6,"href":"https:\/\/www.muzsik.hu\/index.php\/wp-json\/wp\/v2\/posts\/276\/revisions"}],"predecessor-version":[{"id":2085,"href":"https:\/\/www.muzsik.hu\/index.php\/wp-json\/wp\/v2\/posts\/276\/revisions\/2085"}],"wp:featuredmedia":[{"embeddable":true,"href":"https:\/\/www.muzsik.hu\/index.php\/wp-json\/wp\/v2\/media\/277"}],"wp:attachment":[{"href":"https:\/\/www.muzsik.hu\/index.php\/wp-json\/wp\/v2\/media?parent=276"}],"wp:term":[{"taxonomy":"category","embeddable":true,"href":"https:\/\/www.muzsik.hu\/index.php\/wp-json\/wp\/v2\/categories?post=276"},{"taxonomy":"post_tag","embeddable":true,"href":"https:\/\/www.muzsik.hu\/index.php\/wp-json\/wp\/v2\/tags?post=276"}],"curies":[{"name":"wp","href":"https:\/\/api.w.org\/{rel}","templated":true}]}}