{"id":2202,"date":"2025-02-03T15:24:47","date_gmt":"2025-02-03T14:24:47","guid":{"rendered":"https:\/\/www.muzsik.hu\/?p=2202"},"modified":"2025-03-11T00:49:51","modified_gmt":"2025-03-10T23:49:51","slug":"true-keratin-a-tartos-egyenesseg-es-egeszseges-haj-titka","status":"publish","type":"post","link":"https:\/\/www.muzsik.hu\/index.php\/2025\/02\/03\/true-keratin-a-tartos-egyenesseg-es-egeszseges-haj-titka\/","title":{"rendered":"True Keratin \u2013 A tart\u00f3s egyeness\u00e9g \u00e9s eg\u00e9szs\u00e9ges haj titka"},"content":{"rendered":"<p><img loading=\"lazy\" class=\"alignleft wp-image-2203\" src=\"https:\/\/www.muzsik.hu\/wp-content\/uploads\/2025\/02\/IMG_3599.jpeg\" alt=\"\" width=\"250\" height=\"313\" \/> Szeretn\u00e9l hosszan tart\u00f3, egyenes, selymes \u00e9s eg\u00e9szs\u00e9ges hajat, an\u00e9lk\u00fcl hogy k\u00e1ros\u00edtan\u00e1d? A True Keratin hajegyenes\u00edt\u0151 kezel\u00e9s pontosan ezt ny\u00fajtja!<\/p>\n<p>Mi a True Keratin hajkezel\u00e9s?<\/p>\n<p>A True Keratin egy pr\u00e9mium min\u0151s\u00e9g\u0171, professzion\u00e1lis keratinos hajegyenes\u00edt\u0151 kezel\u00e9s, amely:<\/p>\n<ul>\n<li>\u00a0Kisim\u00edtja \u00e9s megszel\u00edd\u00edti a g\u00f6nd\u00f6r, sz\u00f6sz\u00f6s hajat<\/li>\n<li>\u00a0Hidrat\u00e1lja \u00e9s m\u00e9lyen t\u00e1pl\u00e1lja a hajsz\u00e1lakat<\/li>\n<li>\u00a0Hosszan tart\u00f3 egyeness\u00e9get biztos\u00edt ak\u00e1r 3 h\u00f3napig<\/li>\n<li>\u00a0Meg\u0151rzi a haj term\u00e9szetes rugalmass\u00e1g\u00e1t \u00e9s f\u00e9ny\u00e9t<\/li>\n<li>\u00a0Formaldehidmentes, \u00edgy biztons\u00e1gos \u00e9s k\u00edm\u00e9letes<\/li>\n<\/ul>\n<p>Hogyan m\u0171k\u00f6dik a True Keratin?<\/p>\n<p>A kezel\u00e9s sor\u00e1n a keratin \u2013 amely a haj term\u00e9szetes \u00e9p\u00edt\u0151eleme \u2013 m\u00e9lyen be\u00e9p\u00fcl a haj szerkezet\u00e9be, felt\u00f6lti a s\u00e9r\u00fclt ter\u00fcleteket, \u00e9s lez\u00e1rja a kutikul\u00e1t. Ennek eredm\u00e9nyek\u00e9nt a haj er\u0151sebb\u00e9, sim\u00e1bb\u00e1 \u00e9s k\u00f6nnyebben kezelhet\u0151v\u00e9 v\u00e1lik.<\/p>\n<p>Kinek aj\u00e1nljuk a True Keratin kezel\u00e9st?<\/p>\n<ul>\n<li>\u00a0Ha g\u00f6nd\u00f6r, hull\u00e1mos vagy sz\u00f6sz\u00f6s a hajad, \u00e9s szeretn\u00e9d k\u00f6nnyebben kezelhet\u0151v\u00e9 tenni.<\/li>\n<li>\u00a0Ha hajad sz\u00e1raz, t\u00f6redezett vagy k\u00e1rosodott, \u00e9s sz\u00fcks\u00e9ge van intenz\u00edv regener\u00e1l\u00e1sra.<\/li>\n<li>\u00a0Ha tart\u00f3san egyenes hajra v\u00e1gysz, hajvasal\u00e1s n\u00e9lk\u00fcl.<\/li>\n<li>\u00a0Ha egy biztons\u00e1gos, formaldehidmentes megold\u00e1st keresel.<\/li>\n<\/ul>\n<p>A True Keratin kezel\u00e9s el\u0151nyei<\/p>\n<ul>\n<li>\u00a0Azonnali hat\u00e1s \u2013 M\u00e1r az els\u0151 kezel\u00e9s ut\u00e1n l\u00e1that\u00f3 a k\u00fcl\u00f6nbs\u00e9g!<\/li>\n<li>\u00a0Hosszan tart\u00f3 eredm\u00e9ny \u2013 Ak\u00e1r 3 h\u00f3napig egyenes, sz\u00f6szmentes haj.<\/li>\n<li>\u00a0Nem roncsolja a hajat \u2013 A keratin m\u00e9lyen t\u00e1pl\u00e1l, nem k\u00e1ros\u00edtja a haj szerkezet\u00e9t.<\/li>\n<li>\u00a0Minden hajt\u00edpusra alkalmazhat\u00f3 \u2013 Term\u00e9szetes \u00e9s festett hajra egyar\u00e1nt.<\/li>\n<\/ul>\n<p>&nbsp;<\/p>\n<p dir=\"auto\">1. A kezel\u00e9s menete (r\u00e9szletesebb le\u00edr\u00e1s a folyamatr\u00f3l)<\/p>\n<p><img loading=\"lazy\" class=\"alignright wp-image-2205\" src=\"https:\/\/www.muzsik.hu\/wp-content\/uploads\/2025\/02\/IMG_3600.jpeg\" alt=\"\" width=\"250\" height=\"239\" \/><\/p>\n<ol>\n<li>\u00a0El\u0151k\u00e9sz\u00edt\u00e9s: A haj megtiszt\u00edt\u00e1sa egy speci\u00e1lis, m\u00e9lytiszt\u00edt\u00f3 samponnal, amely elt\u00e1vol\u00edtja a lerak\u00f3d\u00e1sokat \u00e9s el\u0151k\u00e9sz\u00edti a hajat a keratinos kezel\u00e9sre.<\/li>\n<li>\u00a0Keratin felvitele: A True Keratin formula egyenletes eloszlat\u00e1sa a haj teljes hossz\u00e1n.<\/li>\n<li>\u00a0Sz\u00e1r\u00edt\u00e1s \u00e9s r\u00f6gz\u00edt\u00e9s: A hajat megsz\u00e1r\u00edtjuk, majd h\u0151 seg\u00edts\u00e9g\u00e9vel (hajvasal\u00f3val) aktiv\u00e1ljuk a keratint, amely lez\u00e1rja a haj kutikul\u00e1j\u00e1t.<\/li>\n<li>\u00a0V\u00e9gs\u0151 form\u00e1z\u00e1s: A haj selymes, egyenes \u00e9s sz\u00f6szmentes lesz, azonnal \u00e9lvezhet\u0151 eredm\u00e9nnyel!<\/li>\n<\/ol>\n<p>2. Gyakran ism\u00e9telt k\u00e9rd\u00e9sek (GYIK)<\/p>\n<p style=\"padding-left: 40px;\"><strong>\u00a0Mennyi ideig tart a kezel\u00e9s?<\/strong><\/p>\n<p dir=\"auto\" style=\"padding-left: 40px;\">A kezel\u00e9s hossza kb. 2 \u00f3ra, a haj hossz\u00e1t\u00f3l \u00e9s s\u0171r\u0171s\u00e9g\u00e9t\u0151l f\u00fcgg\u0151en.<\/p>\n<p style=\"padding-left: 40px;\"><strong>\u00a0Meddig tart a hat\u00e1sa?<\/strong><\/p>\n<p style=\"padding-left: 40px;\">Ak\u00e1r 3 h\u00f3napig, megfelel\u0151 \u00e1pol\u00e1ssal \u00e9s szulf\u00e1tmentes sampon haszn\u00e1lat\u00e1val.<\/p>\n<p style=\"padding-left: 40px;\"><strong>\u00a0Festett hajra is alkalmazhat\u00f3?<\/strong><\/p>\n<p style=\"padding-left: 40px;\">Igen! A True Keratin biztons\u00e1gos term\u00e9szetes, festett vagy sz\u0151k\u00edtett hajra is.<\/p>\n<p style=\"padding-left: 40px;\"><strong>\u00a0Mikor lehet hajat mosni a kezel\u00e9s ut\u00e1n?<\/strong><\/p>\n<p dir=\"auto\" style=\"padding-left: 40px;\">A True Keratin kezel\u00e9st k\u00f6vet\u0151en 48 \u00f3r\u00e1n bel\u00fcl aj\u00e1nlott elker\u00fclni a hajmos\u00e1st, hogy a hat\u00f3anyag teljesen be\u00e9p\u00fclhessen.<\/p>\n<p dir=\"auto\">3. Haj\u00e1pol\u00e1si tippek a True Keratin ut\u00e1n<\/p>\n<ul>\n<li>\u00a0Szulf\u00e1tmentes sampont \u00e9s kondicion\u00e1l\u00f3t haszn\u00e1lj!<\/li>\n<li>\u00a0Ker\u00fcld a t\u00falzott h\u0151form\u00e1z\u00e1st \u00e9s kl\u00f3ros vizet!<\/li>\n<li>\u00a0Havonta egyszer m\u00e9lyhidrat\u00e1l\u00f3 pakol\u00e1st alkalmazz!<\/li>\n<\/ul>\n<p>&nbsp;<\/p>\n<p><strong>Pr\u00f3b\u00e1ld ki Te is a True Keratin hajkezel\u00e9st!<\/strong><\/p>\n","protected":false},"excerpt":{"rendered":"<p>Szeretn\u00e9l hosszan tart\u00f3, egyenes, selymes \u00e9s eg\u00e9szs\u00e9ges hajat, an\u00e9lk\u00fcl hogy k\u00e1ros\u00edtan\u00e1d? A True Keratin hajegyenes\u00edt\u0151 kezel\u00e9s pontosan ezt ny\u00fajtja! Mi a True Keratin hajkezel\u00e9s? A True Keratin egy pr\u00e9mium min\u0151s\u00e9g\u0171, [&hellip;]<\/p>\n","protected":false},"author":1,"featured_media":2260,"comment_status":"closed","ping_status":"open","sticky":false,"template":"","format":"standard","meta":[],"categories":[8],"tags":[],"_links":{"self":[{"href":"https:\/\/www.muzsik.hu\/index.php\/wp-json\/wp\/v2\/posts\/2202"}],"collection":[{"href":"https:\/\/www.muzsik.hu\/index.php\/wp-json\/wp\/v2\/posts"}],"about":[{"href":"https:\/\/www.muzsik.hu\/index.php\/wp-json\/wp\/v2\/types\/post"}],"author":[{"embeddable":true,"href":"https:\/\/www.muzsik.hu\/index.php\/wp-json\/wp\/v2\/users\/1"}],"replies":[{"embeddable":true,"href":"https:\/\/www.muzsik.hu\/index.php\/wp-json\/wp\/v2\/comments?post=2202"}],"version-history":[{"count":2,"href":"https:\/\/www.muzsik.hu\/index.php\/wp-json\/wp\/v2\/posts\/2202\/revisions"}],"predecessor-version":[{"id":2208,"href":"https:\/\/www.muzsik.hu\/index.php\/wp-json\/wp\/v2\/posts\/2202\/revisions\/2208"}],"wp:featuredmedia":[{"embeddable":true,"href":"https:\/\/www.muzsik.hu\/index.php\/wp-json\/wp\/v2\/media\/2260"}],"wp:attachment":[{"href":"https:\/\/www.muzsik.hu\/index.php\/wp-json\/wp\/v2\/media?parent=2202"}],"wp:term":[{"taxonomy":"category","embeddable":true,"href":"https:\/\/www.muzsik.hu\/index.php\/wp-json\/wp\/v2\/categories?post=2202"},{"taxonomy":"post_tag","embeddable":true,"href":"https:\/\/www.muzsik.hu\/index.php\/wp-json\/wp\/v2\/tags?post=2202"}],"curies":[{"name":"wp","href":"https:\/\/api.w.org\/{rel}","templated":true}]}}