{"id":2147,"date":"2024-08-30T12:53:15","date_gmt":"2024-08-30T10:53:15","guid":{"rendered":"https:\/\/www.muzsik.hu\/?p=2147"},"modified":"2024-08-30T12:54:30","modified_gmt":"2024-08-30T10:54:30","slug":"parataszito-trukkok-borongos-idore","status":"publish","type":"post","link":"https:\/\/www.muzsik.hu\/index.php\/2024\/08\/30\/parataszito-trukkok-borongos-idore\/","title":{"rendered":"P\u00e1ratasz\u00edt\u00f3 tr\u00fckk\u00f6k borong\u00f3s id\u0151re"},"content":{"rendered":"\n<p>Nincs is ann\u00e1l ki\u00e1br\u00e1nd\u00edt\u00f3bb, mint a zuhog\u00f3 es\u0151 zaj\u00e1ra \u00e9bredni, amikor pontosan tudod, hogy nem<br>\u00faszhatod meg, hogy elindulj. Persze rendk\u00edv\u00fcl szentiment\u00e1lis el\u00e1br\u00e1ndozni azon, hogy milyen j\u00f3<br>lenne \u00f6sszeg\u00f6mb\u00f6ly\u00f6dni a t\u0171z mellett a legk\u00e9nyelmesebb pul\u00f3ver\u00fcnkbe burkol\u00f3zva, valami meleg \u00e9s<br>tal\u00e1n t\u00f6kf\u0171szeres l\u00f6tyit kortyolgatva. De \u00e9breszt\u0151! V\u00e9ge az \u00e9rzelmes, m\u00e1r-m\u00e1r cs\u00f6p\u00f6g\u0151s vet\u00edt\u00e9snek.<br>Ki kell l\u00e9pned a zord id\u0151j\u00e1r\u00e1sba, \u00e9s szembe kell n\u00e9zned a viharfelh\u0151kkel! A csapad\u00e9k a realit\u00e1s<br>talaj\u00e1n gyorsan elveszti meleg \u00e9s meghitt vonzerej\u00e9t. Semmi sem ord\u00edtja jobban, hogy<br>\u201eRosszHajNap\u201d egy es\u0151t prognosztiz\u00e1l\u00f3 el\u0151rejelz\u00e9sn\u00e9l, ez\u00e9rt elfogadjuk a sorsunkat, \u00e9s k\u00e9ts\u00e9gbeesett<br>rem\u00e9nnyel bizakodunk, hogy nem ez lesz az a nap, amikor tal\u00e1lkozunk a herceggel, \u00e9s sz\u00f6sz\u00f6s,<br>statikus \u00e9s sz\u00e1ll\u00f3 hajzattal lesz\u00fcnk k\u00e9nytelenek szerelmi t\u00f6rt\u00e9netet kezdeni vele\u2026 Nem \u00e9s nem.<br>Hideg, sz\u00e9l, csapad\u00e9k, ezek jutnak esz\u00fcnkbe az \u0151szi \u00e9vszakr\u00f3l. K\u00e9ts\u00e9gtelen, hogy sajnos a frizur\u00e1nk<br>aspektus\u00e1b\u00f3l nem egy el\u0151ny\u00f6s \u00e9vszak, hiszen p\u00e1r\u00e1s id\u0151ben szinte kiz\u00e1rt az egyenes st\u00edlus, \u00e9s<br>megszaporodnak a hajdr\u00e1m\u00e1k. Hogy mi\u00e9rt? K\u00e9mia, ez\u00e9rt: a p\u00e1r\u00e1s leveg\u0151 hidrog\u00e9nk\u00f6t\u00e9seket induk\u00e1l a<br>v\u00edzmolekul\u00e1k \u00e9s a hajban l\u00e9v\u0151 feh\u00e9rj\u00e9k k\u00f6z\u00f6tt, ami sajnos g\u00f6nd\u00f6r\u00f6d\u00e9st eredm\u00e9nyez. Alapvet\u0151en a<br>kiegyenes\u00edtett haj a p\u00e1r\u00e1s borong\u00f3s id\u0151szakban egy csata mag\u00e1val az anyaterm\u00e9szettel. Ne ess<br>k\u00e9ts\u00e9gbe, ez k\u00f6zel sem lehetetlen. Csak egy kicsit t\u00f6bb er\u0151fesz\u00edt\u00e9st ig\u00e9nyel, mint mondjuk egy l\u00f3farok.<\/p>\n\n\n\n<p>N\u00e9zz\u00fck, mit vethet\u00fcnk be, hogyan \u0151rizhetj\u00fck meg frizur\u00e1nk sz\u00e9ps\u00e9g\u00e9t borong\u00f3s napokon:<\/p>\n\n\n\n<ul><li>Az eleg\u00e1ns megjelen\u00e9s a zuhany alatt kezd\u0151dik. Haszn\u00e1lj kiegyenes\u00edt\u0151 sampont \u00e9s balzsamot a haj<br>hidrat\u00e1l\u00e1s\u00e1hoz \u00e9s szel\u00edd\u00edt\u00e9s\u00e9hez. Keress olyan professzion\u00e1lis haj\u00e1pol\u00f3 term\u00e9keket, amelyek<br>k\u00fczdenek a g\u00f6nd\u00f6r\u00f6d\u00e9ssel, \u00e9s keratinos m\u00e9ly kondicion\u00e1l\u00e1ssal sima hajat biztos\u00edtanak. Tartsd<br>\u00e9szben, hogy elengedhetetlen a megfelel\u0151 hat\u00f3anyag-tartalm\u00fa \u00e9s a hajt\u00edpusodhoz ill\u0151 haj\u00e1pol\u00f3 \u00e9s<br>hajform\u00e1z\u00f3 term\u00e9kek haszn\u00e1lata, att\u00f3l f\u00fcgg\u0151en, hogy milyen hat\u00e1st szeretn\u00e9l el\u00e9rni. <\/li><li>Hajmos\u00e1s ut\u00e1n ne t\u00f6r\u00f6ld meg a hajadat er\u0151sen, \u00e9s ne hagyd sok\u00e1ig t\u00f6r\u00f6lk\u00f6z\u0151ben sz\u00e1radni, hanem<br>min\u00e9l el\u0151bb kezdd el a hajsz\u00e1r\u00edt\u00e1st. Sz\u00e1r\u00edts meg minden egyes hajsz\u00e1lat! Eml\u00e9kszel a fenti<br>tudom\u00e1nyos megk\u00f6zel\u00edt\u00e9sre? Ha a hajad nedves marad, az a kis v\u00edz nedves\u00edt\u0151szerk\u00e9nt m\u0171k\u00f6dik, \u00e9s<br>m\u00e9g t\u00f6bb vizet von mag\u00e1hoz. Aprop\u00f3, a hajsz\u00e1r\u00edt\u00f3 ne legyen a legmagasabb h\u0151fokon! Miut\u00e1n<br>befejezted az utols\u00f3 sim\u00edt\u00e1sokat, ne rohanj ki egyb\u0151l az utc\u00e1ra. Hagyd teljesen kih\u0171lni a hajad, \u00edgy<br>tov\u00e1bb fog tartani a frizur\u00e1d.<\/li><li>Es\u0151s napra must-have term\u00e9k a h\u0151v\u00e9d\u0151 spray \u2013 Nem csak felt\u00f6lti a hajat a sz\u00fcks\u00e9ges<br>nedvess\u00e9ggel, \u00e9s megakad\u00e1lyozza, hogy id\u0151vel kisz\u00e1radjon, hanem g\u00e1tat k\u00e9pez a k\u00f6rnyezeti<br>nedvess\u00e9g ellen.<\/li><li>Hajsz\u00e1r\u00edt\u00e1shoz haszn\u00e1lj term\u00e9szetes s\u00f6rt\u00e9b\u0151l k\u00e9sz\u00fclt k\u00f6rkef\u00e9t, a m\u0171anyag elektromoss\u00e1ggal t\u00f6lti<br>fel a hajadat.<\/li><li>A sz\u00e1raz sampont is bevetheted n\u00e9ha, f\u00fajj egy kicsit a hajadra, az ujjaiddal oszlasd el, frissebb \u00e9s<br>szebb lesz a frizur\u00e1d. Felsz\u00edvja a felesleges nedvess\u00e9get, egyenletesebb lesz t\u0151le az \u00f6sszhat\u00e1s.<\/li><li>Ker\u00fcld a m\u0171sz\u00e1las sapk\u00e1t, s\u00e1lat, kapucnit is, hiszen ez is elektromoss\u00e1ggal t\u00f6lti fel a hajsz\u00e1lakat,<br>amit\u0151l a fesz\u00fclts\u00e9g csak m\u00e9g tov\u00e1bb fokoz\u00f3dik.<\/li><li>J\u00f3l j\u00f6het, ha ilyenkorra id\u0151z\u00edted a k\u00fcl\u00f6nleges alkalmi frizur\u00e1k fordul\u00f3j\u00e1t, egy feszes konty, egy<br>szoros l\u00f3farok vagy egy mes\u00e9s fonat tekintet\u00e9ben. Nemcsak szuperdivatosak, de ilyenkor<br>rettenetesen praktikusak is.<\/li><li>Persze, az nem \u00e1rt, ha az eml\u00e9kezetedbe v\u00e9sed, hogy a megfelel\u0151 \u00e1pol\u00e1s sokat seg\u00edt.<\/li><\/ul>\n\n\n\n<p>Ma m\u00e1r szerencs\u00e9re rengeteg olyan term\u00e9ket kaphatsz, amelyek seg\u00edtenek a hasonl\u00f3 gondokon. J\u00f3 \u00f6tlet p\u00e9ld\u00e1ul direkt nehezen kezelhet\u0151 hajra k\u00e9sz\u00fclt samponokat, balzsamokat bevetni, \u00e9s ne feledkezz meg a pakol\u00e1sokr\u00f3l sem. \u00c9rdemes szemezgetni a sim\u00edt\u00f3 \u00e9s a m\u00e1r eml\u00edtett h\u0151v\u00e9d\u0151 kr\u00e9mek \u00e9s spray-k t\u00e1rh\u00e1z\u00e1b\u00f3l is. Prefer\u00e1ld azokat, amiket nem kell ki\u00f6bl\u00edtened a sz\u00e1r\u00edt\u00e1s el\u0151tt. Ezek hosszabb ideig gondoskodnak hajad f\u00e9ny\u00e9r\u0151l, eg\u00e9szs\u00e9g\u00e9r\u0151l \u00e9s sz\u00e9ps\u00e9g\u00e9r\u0151l. Egy kis tud\u00e1ssal \u00e9s megfelel\u0151 tr\u00fckk\u00f6kkel b\u00e1rmelyik nap lehet j\u00f3 hajnap \u2013 b\u00e1rmilyen id\u0151j\u00e1r\u00e1si k\u00f6r\u00fclm\u00e9nyek k\u00f6z\u00f6tt!<\/p>\n","protected":false},"excerpt":{"rendered":"<p>Nincs is ann\u00e1l ki\u00e1br\u00e1nd\u00edt\u00f3bb, mint a zuhog\u00f3 es\u0151 zaj\u00e1ra \u00e9bredni, amikor pontosan tudod, hogy nem\u00faszhatod meg, hogy elindulj. Persze rendk\u00edv\u00fcl szentiment\u00e1lis el\u00e1br\u00e1ndozni azon, hogy milyen j\u00f3lenne \u00f6sszeg\u00f6mb\u00f6ly\u00f6dni a t\u0171z mellett [&hellip;]<\/p>\n","protected":false},"author":1,"featured_media":2148,"comment_status":"closed","ping_status":"open","sticky":false,"template":"","format":"standard","meta":[],"categories":[8],"tags":[],"_links":{"self":[{"href":"https:\/\/www.muzsik.hu\/index.php\/wp-json\/wp\/v2\/posts\/2147"}],"collection":[{"href":"https:\/\/www.muzsik.hu\/index.php\/wp-json\/wp\/v2\/posts"}],"about":[{"href":"https:\/\/www.muzsik.hu\/index.php\/wp-json\/wp\/v2\/types\/post"}],"author":[{"embeddable":true,"href":"https:\/\/www.muzsik.hu\/index.php\/wp-json\/wp\/v2\/users\/1"}],"replies":[{"embeddable":true,"href":"https:\/\/www.muzsik.hu\/index.php\/wp-json\/wp\/v2\/comments?post=2147"}],"version-history":[{"count":3,"href":"https:\/\/www.muzsik.hu\/index.php\/wp-json\/wp\/v2\/posts\/2147\/revisions"}],"predecessor-version":[{"id":2151,"href":"https:\/\/www.muzsik.hu\/index.php\/wp-json\/wp\/v2\/posts\/2147\/revisions\/2151"}],"wp:featuredmedia":[{"embeddable":true,"href":"https:\/\/www.muzsik.hu\/index.php\/wp-json\/wp\/v2\/media\/2148"}],"wp:attachment":[{"href":"https:\/\/www.muzsik.hu\/index.php\/wp-json\/wp\/v2\/media?parent=2147"}],"wp:term":[{"taxonomy":"category","embeddable":true,"href":"https:\/\/www.muzsik.hu\/index.php\/wp-json\/wp\/v2\/categories?post=2147"},{"taxonomy":"post_tag","embeddable":true,"href":"https:\/\/www.muzsik.hu\/index.php\/wp-json\/wp\/v2\/tags?post=2147"}],"curies":[{"name":"wp","href":"https:\/\/api.w.org\/{rel}","templated":true}]}}