{"id":2129,"date":"2024-07-30T12:23:26","date_gmt":"2024-07-30T10:23:26","guid":{"rendered":"https:\/\/www.muzsik.hu\/?p=2129"},"modified":"2024-07-30T12:23:26","modified_gmt":"2024-07-30T10:23:26","slug":"nyar-utani-hajapolasi-tippek","status":"publish","type":"post","link":"https:\/\/www.muzsik.hu\/index.php\/2024\/07\/30\/nyar-utani-hajapolasi-tippek\/","title":{"rendered":"Ny\u00e1r ut\u00e1ni haj\u00e1pol\u00e1si tippek"},"content":{"rendered":"\n<p><strong><em>A gardr\u00f3b friss\u00edt\u00e9se \u00e9s a k\u00e1v\u00e9rendel\u00e9si szok\u00e1sok update-je nem az egyetlen \u00faj\u00edt\u00e1s, amelyet figyelembe kell venni, amikor a napt\u00e1r \u0151szbe fordul. Mik\u00f6zben az extra ruhar\u00e9tegekre \u00e9s a leg\u00fajabb s\u00fct\u0151t\u00f6k\u00f6s \u00e9dess\u00e9gekre \u00f6sszpontos\u00edtasz, itt az ideje, hogy fontol\u00f3ra vedd az \u00faj ny\u00e1r ut\u00e1ni haj\u00e1pol\u00e1si rutinod bevezet\u00e9s\u00e9t. \u00d6sszegy\u0171jt\u00f6tt\u00fck kedvenc m\u00f3dszereinket, amelyekkel \u00e9letre keltheted hajkoron\u00e1d egy hossz\u00fa, forr\u00f3 ny\u00e1r ut\u00e1n, \u00e9s rengeteg \u00e1pol\u00e1si tippet, amelyek seg\u00edtenek nekiveselkedni a ny\u00e1r okozta k\u00e1rok felsz\u00e1mol\u00e1si proced\u00far\u00e1j\u00e1nak. Uccu neki!<\/em><\/strong><\/p>\n\n\n\n<p>B\u00e1rmennyire f\u00e1j teh\u00e1t, sajnos el\u00e9rkezt\u00fcnk a ny\u00e1r v\u00e9g\u00e9hez: a kalandt\u00e1runk \u00fajabb \u00e9lm\u00e9nyekkel gyarapodott, a b\u0151r\u00fcnk csodasz\u00e9p napbarn\u00edtott sz\u00ednben t\u00fcnd\u00f6k\u00f6l, de sajnos a hajunkat megviselte a napsug\u00e1r, a kl\u00f3r \u00e9s a s\u00f3s tengerv\u00edz.<\/p>\n\n\n\n<p>Tudtad, hogy az ultraviola sugarak k\u00e9tszer olyan k\u00e1rosan hatnak, mintha sz\u0151k\u00edt\u00e9st k\u00e9rn\u00e9l a fodr\u00e1szodt\u00f3l? \u2013 Ez\u00e9rt k\u00fcl\u00f6n\u00f6sen vesz\u00e9lyesek tudnak lenni az eleve gyeng\u00e9bb szerkezet\u0171 hajsz\u00e1lak eset\u00e9ben. A festett hajat szint\u00e9n k\u00e1ros\u00edtj\u00e1k, ami m\u00e1r val\u00f3sz\u00edn\u0171leg eleve fak\u00f3bb, f\u00e9nytelenebb \u00e9s sz\u00e1razabb a k\u00e9miai kezel\u00e9sek miatt, r\u00e1ad\u00e1sul ez a hajt\u00edpus egy\u00e9bk\u00e9nt is komolyabb odafigyel\u00e9st ig\u00e9nyel.<\/p>\n\n\n\n<p>Hogyan dolgoznak a k\u00e1ros sugarak? \u2013 Az UV-sugarak hat\u00e1s\u00e1ra a v\u00edz szinte hidrog\u00e9n-peroxidk\u00e9nt, azaz feh\u00e9r\u00edt\u0151k\u00e9nt viselkedik. Sz\u00e9troncsolja a sz\u00edn-pigmenteket, ez\u00e9rt a haj elvesz\u00edti ragyog\u00f3 \u00e1rnyalat\u00e1t, fak\u00f3v\u00e1 \u00e9s rugalmatlann\u00e1 v\u00e1lik. Nem v\u00e9letlen\u00fcl \u00e9rzed sz\u00e1raznak, hiszen a sug\u00e1rz\u00e1s kivonja a haj keratinj\u00e1ban (hajsz\u00e1lat fel\u00e9p\u00edt\u0151 feh\u00e9rj\u00e9ben) t\u00e1rolt nedvess\u00e9get is, ennek k\u00f6vetkezt\u00e9ben pedig a tincs elveszti nedvess\u00e9gtartalm\u00e1t.<\/p>\n\n\n\n<p>A s\u00f3s tengerv\u00edz el\u0151sz\u00f6r a haj k\u00fcls\u0151, majd a bels\u0151 r\u00e9teg\u00e9t k\u00e1ros\u00edtja \u2013 ennek oka \u00e9rdekes, de egyszer\u0171 fizikai jelens\u00e9g. A roncsol\u00f3dott sz\u00e1lszerkezeten megt\u00f6rik a f\u00e9ny, m\u00e1s sz\u00f6gb\u0151l esik a hajra, \u00e9s mivel az imm\u00e1ron egyenetlen fel\u00fclet\u0171 hajsz\u00e1l nem k\u00e9pes a f\u00e9nyt visszaverni, elnyeli azt \u2013 emiatt m\u00e1ris matt hat\u00e1s\u00fav\u00e1 v\u00e1lik a haj.<\/p>\n\n\n\n<p><strong><em>NA DE, mi seg\u00edt\u00fcnk neked, hogy s\u00f6r\u00e9nyed min\u00e9l el\u0151bb visszanyerje f\u00e9ny\u00e9t, puhas\u00e1g\u00e1t\u2026<\/em><\/strong><\/p>\n\n\n\n<p>A hajnak \u00e9lettani szempontb\u00f3l h\u00e1rom fontos dologra van sz\u00fcks\u00e9ge: \u00e9p\u00edt\u0151anyagra, nedvess\u00e9gre \u00e9s oxig\u00e9nre. A ny\u00e1ri id\u0151szak ut\u00e1n min\u00e9l hamarabb vissza kell p\u00f3tolnod hajad elvesztett nedvess\u00e9gtartalm\u00e1t. Ha a te hajad is sz\u00e1raz, spr\u0151d, f\u00e9nytelen, form\u00e1zhatatlan, \u00e9s egyszer\u0171en nem tudsz mit kezdeni vele, akkor j\u00f3 es\u00e9llyel t\u00f6bb id\u0151t kell ford\u00edtanod a hidrat\u00e1l\u00e1s\u00e1ra.<\/p>\n\n\n\n<p>P\u00e1r tipp, ha a hajadnak hidrat\u00e1l\u00e1sra van sz\u00fcks\u00e9ge:<\/p>\n\n\n\n<ul><li><strong>Ne mosd s\u0171r\u0171n a hajadat, mert \u00edgy elt\u00e1vol\u00edthatod hajad term\u00e9szetes v\u00e9d\u0151r\u00e9teg\u00e9t<\/strong><\/li><\/ul>\n\n\n\n<p>Az, hogy jobban odafigyelsz a hajad ig\u00e9nyeire, nem jelenti azt, hogy t\u00f6bbet kell mosni. \u00c9rdemes maximum heti h\u00e1romra korl\u00e1tozni a hajmos\u00e1st \u2013 k\u00fcl\u00f6n\u00f6sen, hogy a t\u00e9l k\u00f6zeledt\u00e9vel egyre kevesebbet izzadsz, \u00e9s kev\u00e9sb\u00e9 lesz zs\u00edros a fejb\u0151r\u00f6d is. Hidd el, tincseid \u00e9rt\u00e9kelni fogj\u00e1k a v\u00edzzel val\u00f3 ritk\u00e1bb \u00e9rintkez\u00e9st. Hagyd, hogy f\u00fcrtjeid saj\u00e1t term\u00e9szetes olajai kifejts\u00e9k var\u00e1zslatukat, \u00e9s egy kis priv\u00e1t extra kondicion\u00e1l\u00e1st biztos\u00edtsanak a mos\u00e1s el\u0151tt. Profi tipp:<em> A nem komedog\u00e9n sz\u00e1raz sampon gyorsan a legjobb bar\u00e1tod lesz azokon a napokon, amikor az edz\u0151termi sport ut\u00e1n pr\u00f3b\u00e1lod elkend\u0151zni az izzadt hajad. Nemcsak felfriss\u00edti a tincseket a hajmos\u00e1sok k\u00f6z\u00f6tt, hanem seg\u00edt a d\u00fass\u00e1g \u00e9s a telts\u00e9g megteremt\u00e9s\u00e9ben is!<\/em><\/p>\n\n\n\n<ul><li><strong>Ne f\u00e9s\u00fcld durv\u00e1n, mert a sz\u00e1raz haj s\u00e9r\u00fcl\u00e9kenyebb<\/strong><\/li><\/ul>\n\n\n\n<p>Az sem mindegy, hogyan \u00e9s mivel f\u00e9s\u00fcl\u00f6d a hajad. Nem kellemes se nedvesen, se sz\u00e1razon, amikor a k\u00f3cos tincsekkel kell k\u00fczdeni (g\u00f6nd\u00f6r haj\u00faaknak m\u00e9g nehezebb dolguk van). Ilyen esetben legink\u00e1bb a sz\u00e9les fog\u00fa f\u00e9s\u0171 haszn\u00e1lata javasolt. A sz\u00e9lesebb fog lehet\u0151v\u00e9 teszi, hogy a f\u00e9s\u0171 v\u00e9gig cs\u00fasszon a hajon an\u00e9lk\u00fcl, hogy k\u00e1ros\u00edtan\u00e1 a v\u00e9geit vagy t\u00f6r\u00e9st okozna.<\/p>\n\n\n\n<ul><li><strong>Ne haszn\u00e1lj h\u0151t kibocs\u00e1t\u00f3 hajform\u00e1z\u00f3kat<\/strong><\/li><\/ul>\n\n\n\n<p>Egy ny\u00e1ri szok\u00e1s, amihez nem \u00e1rt tov\u00e1bbra is ragaszkodni: ha teheted, mell\u0151zd a hajform\u00e1z\u00f3k haszn\u00e1lat\u00e1t. Intenz\u00edv h\u0151 alkalmaz\u00e1sa a hajra, k\u00fcl\u00f6n\u00f6sen az \u00e9rz\u00e9keny, k\u00e1rosodott tincsekre, az egyik legk\u00e1rosabb dolog, amit bevethet\u00fcnk! Korl\u00e1tozd az \u00e9rintkez\u00e9st b\u00e1rmilyen forr\u00f3 h\u0151t kibocs\u00e1t\u00f3 eszk\u00f6zzel, <em>\u00e9s amikor m\u00e9gis r\u00e1k\u00e9nyszer\u00fclsz, ne felejtsd el el\u0151k\u00e9sz\u00edteni a hajad h\u0151v\u00e9d\u0151 spray-vel!&nbsp;<\/em><\/p>\n\n\n\n<ul><li><strong>Ne csak k\u00edv\u00fclr\u0151l t\u00e1pl\u00e1ld a hajadat<\/strong><\/li><\/ul>\n\n\n\n<p>Csak\u00fagy, mint a b\u0151r \u00e9s a k\u00f6r\u00f6m eset\u00e9ben, amit eszel \u00e9s iszol, hat\u00e1ssal van fejb\u0151r\u00f6d \u00e9s hajad eg\u00e9szs\u00e9g\u00e9re. A f\u00e9nyes, rugalmas haj \u00e1ltal\u00e1ban a j\u00f3 \u00e1ltal\u00e1nos eg\u00e9szs\u00e9g \u00e9s haj\u00e1pol\u00e1s jele. Fontos, hogy bel\u00fclr\u0151l is t\u00e1pl\u00e1ljuk hajunkat, \u00e9rdemes sok z\u00f6lds\u00e9get \u00e9s gy\u00fcm\u00f6lcs\u00f6t fogyasztani. A half\u00e9l\u00e9k tele vannak Omega-3 zs\u00edrsavakkal, amik nagyon j\u00f3 hat\u00e1ssal vannak a szervezetre \u00e9s a hajra is. A lazacban rendk\u00edv\u00fcl magas koncentr\u00e1ci\u00f3ban tal\u00e1lhat\u00f3 meg az Omega-3 zs\u00edrsav, de magas B12 vitaminszinttel is rendelkezik. Seg\u00edt vissza\u00e1ll\u00edtani a fejb\u0151r \u00e9s a haj term\u00e9szetes hidrat\u00e1lts\u00e1gi szintj\u00e9t. Az \u00e9desburgonya A-vitamin tartalm\u00e1nak k\u00f6sz\u00f6nhet\u0151en l\u00e1gy\u00edtja, puh\u00edtja a hajat, a sov\u00e1ny v\u00f6r\u00f6s h\u00fasok pedig magas feh\u00e9rjetartalmuknak k\u00f6sz\u00f6nhet\u0151en er\u0151sebb\u00e9, ellen\u00e1ll\u00f3bb\u00e1 teszik a hajsz\u00e1lakat. Fontos \u00e9p\u00edt\u0151anyagok m\u00e9g a r\u00e9z, a cink, a vas, az A, a C \u00e9s az E-vitaminok.<\/p>\n\n\n\n<ul><li><strong>\u00c9s, ami a legfontosabb \u2013 haszn\u00e1lj hajt\u00edpusodnak megfelel\u0151 professzion\u00e1lis pr\u00e9mium haj\u00e1pol\u00f3 term\u00e9keket!<\/strong><\/li><\/ul>\n\n\n\n<p>Hogy mely \u00f6sszetev\u0151k a legfontosabbak a haj\u00e1pol\u00f3 term\u00e9kekben? Nos, n\u00e9zz\u00fck:&nbsp;<\/p>\n\n\n\n<ul><li>Glicerin (v\u00edzmegk\u00f6t\u0151 hat\u00e1s\u00fa)<\/li><li>Protein (k\u00f6nnyen kezelhet\u0151v\u00e9 teszi a hajat \u00e9s megel\u0151zi az \u00f6sszegubancol\u00f3d\u00e1st)<\/li><li>B\u00fazacs\u00edra olaj (B- \u00e9s E-vitaminban, esszenci\u00e1lis zs\u00edrsavakban gazdag, a haj t\u00f6redezetts\u00e9ge \u00e9s f\u00e9nytelens\u00e9ge ellen hat\u00e1sos)<\/li><li>Avok\u00e1d\u00f3olaj (kiv\u00e1l\u00f3 t\u00e1pl\u00e1l\u00f3anyag, jav\u00edtja a hajcs\u00facs szerkezet\u00e9t)<\/li><li>S\u00e1rgabarackolaj (intenz\u00edv regener\u00e1l\u00f3, v\u00e9di a hajsz\u00e1lakat a kisz\u00e1rad\u00e1st\u00f3l)<\/li><li>E-vitamin (a leger\u0151sebb antioxid\u00e1ns, a vitalit\u00e1s \u00e9s \u00e9leter\u0151 vitaminja)<\/li><\/ul>\n","protected":false},"excerpt":{"rendered":"<p>A gardr\u00f3b friss\u00edt\u00e9se \u00e9s a k\u00e1v\u00e9rendel\u00e9si szok\u00e1sok update-je nem az egyetlen \u00faj\u00edt\u00e1s, amelyet figyelembe kell venni, amikor a napt\u00e1r \u0151szbe fordul. Mik\u00f6zben az extra ruhar\u00e9tegekre \u00e9s a leg\u00fajabb s\u00fct\u0151t\u00f6k\u00f6s \u00e9dess\u00e9gekre [&hellip;]<\/p>\n","protected":false},"author":1,"featured_media":2130,"comment_status":"closed","ping_status":"open","sticky":false,"template":"","format":"standard","meta":[],"categories":[8],"tags":[],"_links":{"self":[{"href":"https:\/\/www.muzsik.hu\/index.php\/wp-json\/wp\/v2\/posts\/2129"}],"collection":[{"href":"https:\/\/www.muzsik.hu\/index.php\/wp-json\/wp\/v2\/posts"}],"about":[{"href":"https:\/\/www.muzsik.hu\/index.php\/wp-json\/wp\/v2\/types\/post"}],"author":[{"embeddable":true,"href":"https:\/\/www.muzsik.hu\/index.php\/wp-json\/wp\/v2\/users\/1"}],"replies":[{"embeddable":true,"href":"https:\/\/www.muzsik.hu\/index.php\/wp-json\/wp\/v2\/comments?post=2129"}],"version-history":[{"count":1,"href":"https:\/\/www.muzsik.hu\/index.php\/wp-json\/wp\/v2\/posts\/2129\/revisions"}],"predecessor-version":[{"id":2131,"href":"https:\/\/www.muzsik.hu\/index.php\/wp-json\/wp\/v2\/posts\/2129\/revisions\/2131"}],"wp:featuredmedia":[{"embeddable":true,"href":"https:\/\/www.muzsik.hu\/index.php\/wp-json\/wp\/v2\/media\/2130"}],"wp:attachment":[{"href":"https:\/\/www.muzsik.hu\/index.php\/wp-json\/wp\/v2\/media?parent=2129"}],"wp:term":[{"taxonomy":"category","embeddable":true,"href":"https:\/\/www.muzsik.hu\/index.php\/wp-json\/wp\/v2\/categories?post=2129"},{"taxonomy":"post_tag","embeddable":true,"href":"https:\/\/www.muzsik.hu\/index.php\/wp-json\/wp\/v2\/tags?post=2129"}],"curies":[{"name":"wp","href":"https:\/\/api.w.org\/{rel}","templated":true}]}}