{"id":2066,"date":"2024-03-13T10:28:27","date_gmt":"2024-03-13T09:28:27","guid":{"rendered":"https:\/\/www.muzsik.hu\/?p=2066"},"modified":"2024-03-13T10:33:32","modified_gmt":"2024-03-13T09:33:32","slug":"a-festett-haj-apolasa","status":"publish","type":"post","link":"https:\/\/www.muzsik.hu\/index.php\/2024\/03\/13\/a-festett-haj-apolasa\/","title":{"rendered":"A festett haj \u00e1pol\u00e1sa"},"content":{"rendered":"\n<p>Vajon minden t\u00edpus\u00fa haj \u00e1pol\u00e1sa azonos met\u00f3dusok alapj\u00e1n zajlik? Ugyanolyan elk\u00f6telezetts\u00e9get \u00e9s<br>t\u00f6r\u0151d\u00e9st k\u00edv\u00e1n t\u0151l\u00fcnk? H\u00e1t nem! Mindannyiunknak m\u00e1s a hajt\u00edpusa, amely m\u00e1s-m\u00e1s gondvisel\u00e9st<br>ig\u00e9nyel. Van azonban egy bizonyos v\u00e1ltozat, ahol a gondoz\u00e1snak megvannak a maga szab\u00e1lyai. Itt<br>els\u0151sorban a festett haj \u00e1pol\u00e1s\u00e1ra\u00a0gondolunk. Az ilyen t\u00edpus\u00fa haj gondoz\u00e1sa nagyon nagy kih\u00edv\u00e1s.<br>Mi\u00e9rt? El\u0151sz\u00f6r is, mivel a festett hajnak nagyon nagy az ig\u00e9nye, gondosan v\u00e1logatott t\u00e1panyagokra<br>van sz\u00fcks\u00e9ge, amelyek nemcsak hidrat\u00e1lj\u00e1k \u00e9s regener\u00e1lj\u00e1k, hanem meg\u00f3vj\u00e1k a hajsz\u00ednt a<br>fakul\u00e1st\u00f3l \u00e9s hossz\u00fa id\u0151n kereszt\u00fcl intenz\u00edvv\u00e9\u00a0teszik.<\/p>\n\n\n\n<p><br>Amint \u2013 teh\u00e1t \u2013 l\u00e1thatod, a festett haj \u00e1pol\u00e1sa nagy elk\u00f6telez\u0151d\u00e9st ig\u00e9nyel R\u00e9szedr\u0151l, ami nem csak az<br>id\u0151det \u00e9s az energi\u00e1dat \u00f6leli fel, hanem egy teljesen professzion\u00e1lis haj\u00e1pol\u00e1si kell\u00e9k-reperto\u00e1rt is<br>felt\u00e9telez kifejezetten a festett haj ig\u00e9nyeire dedik\u00e1lt kozmetikumokkal.\u00a0<\/p>\n\n\n\n<p>Mi\u00e9rt fontos a festett haj \u00e1pol\u00e1sa?<\/p>\n\n\n\n<p><br>A festett hajnak az\u00e9rt van sz\u00fcks\u00e9ge speci\u00e1lis gondoskod\u00e1sra, mert a fest\u00e9k \u00e9s a k\u00e9miai kezel\u00e9sek<br>megt\u00e1madhatj\u00e1k a haj szerkezet\u00e9t \u00e9s hidrat\u00e1ci\u00f3j\u00e1t. Ennek eredm\u00e9nyek\u00e9nt a haj sz\u00e1razabb\u00e1, t\u00f6redezett\u00e9<br>v\u00e1lhat, vagy elvesz\u00edtheti sz\u00ednintenzit\u00e1s\u00e1t. De egy\u00e9bk\u00e9nt is egy j\u00f3 hajsz\u00edn egy olyan befektet\u00e9s, amelyet<br>mindenki tart\u00f3san szeretne megtartani. Ak\u00e1r a term\u00e9szetes megjelen\u00e9s h\u00edve vagy, ak\u00e1r egy \u00faj, mer\u00e9sz<br>sz\u00edntrendet fontolgatsz, fontos, hogy pontosan tudd, hogyan kell karbantartani.\u00a0\u00a0<br>A kulcs a megfelel\u0151 term\u00e9kek haszn\u00e1lata, amit mi most a kezedbe is adunk:<\/p>\n\n\n\n<p><br><\/p>\n\n\n\n<div class=\"wp-block-image\"><figure class=\"aligncenter size-large is-resized\"><a href=\"https:\/\/www.muzsik.hu\/wp-content\/uploads\/2024\/03\/AdobeStock_692608846.jpeg\"><img loading=\"lazy\" src=\"https:\/\/www.muzsik.hu\/wp-content\/uploads\/2024\/03\/AdobeStock_692608846-1024x574.jpeg\" alt=\"\" class=\"wp-image-2068\" width=\"674\" height=\"378\" srcset=\"https:\/\/www.muzsik.hu\/wp-content\/uploads\/2024\/03\/AdobeStock_692608846-1024x574.jpeg 1024w, https:\/\/www.muzsik.hu\/wp-content\/uploads\/2024\/03\/AdobeStock_692608846-300x168.jpeg 300w, https:\/\/www.muzsik.hu\/wp-content\/uploads\/2024\/03\/AdobeStock_692608846-768x431.jpeg 768w, https:\/\/www.muzsik.hu\/wp-content\/uploads\/2024\/03\/AdobeStock_692608846-1144x641.jpeg 1144w, https:\/\/www.muzsik.hu\/wp-content\/uploads\/2024\/03\/AdobeStock_692608846.jpeg 1427w\" sizes=\"(max-width: 674px) 100vw, 674px\" \/><\/a><\/figure><\/div>\n\n\n\n<p>A legjobb term\u00e9kek festett hajra:<\/p>\n\n\n\n<p>1. Sampon \u00e9s balzsam a sz\u00edn megtart\u00e1s\u00e9rt<br>A sz\u00ednmegtart\u00f3 samponok \u00e9s balzsamok kiv\u00e1l\u00f3ak a festett haj sz\u00e1m\u00e1ra. Keresd az olyan term\u00e9keket,<br>amelyek UV-v\u00e9delemmel rendelkeznek, hogy megv\u00e9dj\u00e9k a hajadat a nap k\u00e1ros hat\u00e1sait\u00f3l, \u00e9s<br>seg\u00edtsenek meg\u0151rizni a sz\u00ednt hossz\u00fa ideig.<\/p>\n\n\n\n<p>2. M\u00e9lyhidrat\u00e1l\u00f3 hajpakol\u00e1s<br>A hajpakol\u00e1sok nagyszer\u0171ek a festett haj hidrat\u00e1l\u00e1s\u00e1ra \u00e9s t\u00e1pl\u00e1l\u00e1s\u00e1ra. V\u00e1lassz olyan pakol\u00e1st,<br>amelyben arg\u00e1nolaj, avok\u00e1d\u00f3olaj vagy shea vaj tal\u00e1lhat\u00f3, hogy vissza\u00e1ll\u00edtsd a hajad vitalit\u00e1s\u00e1t.<\/p>\n\n\n\n<p>3. Hajolaj a ragyog\u00f3 \u00e9s f\u00e9nyl\u0151 haj\u00e9rt<br>A hajolajok kiv\u00e1l\u00f3ak a festett haj f\u00e9nyess\u00e9g\u00e9nek fokoz\u00e1s\u00e1ra. Ezek a term\u00e9kek seg\u00edtenek megel\u0151zni a<br>hajsz\u00e1lak t\u00f6redez\u00e9s\u00e9t \u00e9s puh\u00e1v\u00e1 teszik a hajat. Haszn\u00e1lj hajolajat a hajmos\u00e1s ut\u00e1n vagy ak\u00e1r hajsz\u00e1r\u00edt\u00e1s<br>el\u0151tt is.<\/p>\n\n\n\n<div class=\"wp-block-image\"><figure class=\"aligncenter size-large is-resized\"><a href=\"https:\/\/www.muzsik.hu\/wp-content\/uploads\/2024\/03\/AdobeStock_364690092.jpeg\"><img loading=\"lazy\" src=\"https:\/\/www.muzsik.hu\/wp-content\/uploads\/2024\/03\/AdobeStock_364690092.jpeg\" alt=\"\" class=\"wp-image-2067\" width=\"711\" height=\"475\" srcset=\"https:\/\/www.muzsik.hu\/wp-content\/uploads\/2024\/03\/AdobeStock_364690092.jpeg 800w, https:\/\/www.muzsik.hu\/wp-content\/uploads\/2024\/03\/AdobeStock_364690092-300x200.jpeg 300w, https:\/\/www.muzsik.hu\/wp-content\/uploads\/2024\/03\/AdobeStock_364690092-768x512.jpeg 768w\" sizes=\"(max-width: 711px) 100vw, 711px\" \/><\/a><\/figure><\/div>\n\n\n\n<p>4. Hajv\u00e9d\u0151 term\u00e9kek az UV-sug\u00e1rz\u00e1s ellen<br>Ha gyakran tart\u00f3zkodsz a napon vagy napk\u00f6zben sok id\u0151t t\u00f6ltesz a szabadban, ne feledkezz meg a<br>hajv\u00e9delemr\u0151l sem! A hajv\u00e9d\u0151 spray-k \u00e9s kr\u00e9mek seg\u00edtenek megel\u0151zni a hajsz\u00edn elhalv\u00e1nyul\u00e1s\u00e1t, \u00e9s<br>v\u00e9dik a hajat a napf\u00e9ny okozta k\u00e1rosod\u00e1st\u00f3l.<\/p>\n\n\n\n<p>5. H\u0151v\u00e9delem hajform\u00e1z\u00e1shoz<br>Ha hajsz\u00e1r\u00edt\u00f3t, hajs\u00fct\u0151vasat vagy hajvasal\u00f3t haszn\u00e1lsz, mindig alkalmazz h\u0151v\u00e9d\u0151 term\u00e9ket, hogy<br>megel\u0151zd a haj k\u00e1rosod\u00e1s\u00e1t. A h\u0151v\u00e9delem seg\u00edt meg\u0151rizni a hajad eg\u00e9szs\u00e9g\u00e9t \u00e9s rugalmass\u00e1g\u00e1t.<br>A festett haj \u2013 teh\u00e1t \u2013 speci\u00e1lis gondoz\u00e1st ig\u00e9nyel. Semmi sem frusztr\u00e1l\u00f3bb ann\u00e1l, mint ha sok p\u00e9nzt<br>fizetsz egy sz\u00e9ps\u00e9gszalonban a leg\u00fajabb divatos sz\u00edn\u00e9rt, \u00e9s az otthoni karbantart\u00e1s hi\u00e1nya miatt egy<br>h\u00e9ten bel\u00fcl kifakul. A j\u00f3 h\u00edr az, hogy megfelel\u0151 term\u00e9kekkel \u00e9s haj\u00e1pol\u00e1si rutinnal frizur\u00e1d mindig<br>gy\u00f6ny\u00f6r\u0171 \u00e9s eg\u00e9szs\u00e9ges lehet. Ne feledd, hogy minden haj m\u00e1s, ez\u00e9rt fontos, hogy megtal\u00e1ld a Neked<br>legmegfelel\u0151bb term\u00e9keket.K\u00f6vesd a tippjeinket, \u00e9s a megfelel\u0151 \u00e1pol\u00e1s mellett hajsz\u00edned sok\u00e1ig \u00e9l\u00e9nk,<br>s\u00f6r\u00e9nyed pedig eg\u00e9szs\u00e9ges \u00e9s leny\u0171g\u00f6z\u0151 lesz, mint a legszebb \u00e1lmaidban.<\/p>\n\n\n\n<p><\/p>\n","protected":false},"excerpt":{"rendered":"<p>Vajon minden t\u00edpus\u00fa haj \u00e1pol\u00e1sa azonos met\u00f3dusok alapj\u00e1n zajlik? Ugyanolyan elk\u00f6telezetts\u00e9get \u00e9st\u00f6r\u0151d\u00e9st k\u00edv\u00e1n t\u0151l\u00fcnk? H\u00e1t nem! Mindannyiunknak m\u00e1s a hajt\u00edpusa, amely m\u00e1s-m\u00e1s gondvisel\u00e9stig\u00e9nyel. Van azonban egy bizonyos v\u00e1ltozat, ahol a [&hellip;]<\/p>\n","protected":false},"author":1,"featured_media":2069,"comment_status":"closed","ping_status":"open","sticky":false,"template":"","format":"standard","meta":[],"categories":[8],"tags":[],"_links":{"self":[{"href":"https:\/\/www.muzsik.hu\/index.php\/wp-json\/wp\/v2\/posts\/2066"}],"collection":[{"href":"https:\/\/www.muzsik.hu\/index.php\/wp-json\/wp\/v2\/posts"}],"about":[{"href":"https:\/\/www.muzsik.hu\/index.php\/wp-json\/wp\/v2\/types\/post"}],"author":[{"embeddable":true,"href":"https:\/\/www.muzsik.hu\/index.php\/wp-json\/wp\/v2\/users\/1"}],"replies":[{"embeddable":true,"href":"https:\/\/www.muzsik.hu\/index.php\/wp-json\/wp\/v2\/comments?post=2066"}],"version-history":[{"count":9,"href":"https:\/\/www.muzsik.hu\/index.php\/wp-json\/wp\/v2\/posts\/2066\/revisions"}],"predecessor-version":[{"id":2079,"href":"https:\/\/www.muzsik.hu\/index.php\/wp-json\/wp\/v2\/posts\/2066\/revisions\/2079"}],"wp:featuredmedia":[{"embeddable":true,"href":"https:\/\/www.muzsik.hu\/index.php\/wp-json\/wp\/v2\/media\/2069"}],"wp:attachment":[{"href":"https:\/\/www.muzsik.hu\/index.php\/wp-json\/wp\/v2\/media?parent=2066"}],"wp:term":[{"taxonomy":"category","embeddable":true,"href":"https:\/\/www.muzsik.hu\/index.php\/wp-json\/wp\/v2\/categories?post=2066"},{"taxonomy":"post_tag","embeddable":true,"href":"https:\/\/www.muzsik.hu\/index.php\/wp-json\/wp\/v2\/tags?post=2066"}],"curies":[{"name":"wp","href":"https:\/\/api.w.org\/{rel}","templated":true}]}}