{"id":1770,"date":"2021-03-12T15:29:34","date_gmt":"2021-03-12T14:29:34","guid":{"rendered":"https:\/\/www.muzsik.hu\/?p=1770"},"modified":"2021-03-12T15:37:35","modified_gmt":"2021-03-12T14:37:35","slug":"reverso-hair-color","status":"publish","type":"post","link":"https:\/\/www.muzsik.hu\/index.php\/2021\/03\/12\/reverso-hair-color\/","title":{"rendered":"REVERSO HAIR COLOR"},"content":{"rendered":"<p><img loading=\"lazy\" class=\"alignleft wp-image-1424 size-medium\" src=\"https:\/\/www.muzsik.hu\/wp-content\/uploads\/2018\/10\/IMG_2611-300x300.jpeg\" alt=\"\" width=\"300\" height=\"300\" srcset=\"https:\/\/www.muzsik.hu\/wp-content\/uploads\/2018\/10\/IMG_2611-300x300.jpeg 300w, https:\/\/www.muzsik.hu\/wp-content\/uploads\/2018\/10\/IMG_2611-150x150.jpeg 150w, https:\/\/www.muzsik.hu\/wp-content\/uploads\/2018\/10\/IMG_2611-768x768.jpeg 768w, https:\/\/www.muzsik.hu\/wp-content\/uploads\/2018\/10\/IMG_2611-1024x1024.jpeg 1024w, https:\/\/www.muzsik.hu\/wp-content\/uploads\/2018\/10\/IMG_2611-480x480.jpeg 480w, https:\/\/www.muzsik.hu\/wp-content\/uploads\/2018\/10\/IMG_2611-720x720.jpeg 720w, https:\/\/www.muzsik.hu\/wp-content\/uploads\/2018\/10\/IMG_2611.jpeg 1080w\" sizes=\"(max-width: 300px) 100vw, 300px\" \/> <img loading=\"lazy\" class=\"alignright wp-image-1425 size-medium\" src=\"https:\/\/www.muzsik.hu\/wp-content\/uploads\/2018\/10\/IMG_2610-300x300.jpeg\" alt=\"\" width=\"300\" height=\"300\" srcset=\"https:\/\/www.muzsik.hu\/wp-content\/uploads\/2018\/10\/IMG_2610-300x300.jpeg 300w, https:\/\/www.muzsik.hu\/wp-content\/uploads\/2018\/10\/IMG_2610-150x150.jpeg 150w, https:\/\/www.muzsik.hu\/wp-content\/uploads\/2018\/10\/IMG_2610-768x768.jpeg 768w, https:\/\/www.muzsik.hu\/wp-content\/uploads\/2018\/10\/IMG_2610-1024x1024.jpeg 1024w, https:\/\/www.muzsik.hu\/wp-content\/uploads\/2018\/10\/IMG_2610-480x480.jpeg 480w, https:\/\/www.muzsik.hu\/wp-content\/uploads\/2018\/10\/IMG_2610-720x720.jpeg 720w, https:\/\/www.muzsik.hu\/wp-content\/uploads\/2018\/10\/IMG_2610.jpeg 1080w\" sizes=\"(max-width: 300px) 100vw, 300px\" \/>A term\u00e9szet energi\u00e1ja tubusba z\u00e1rva!<\/p>\n<p>A VIL\u00c1GBAN EGYRE NAGYOBB TERET H\u00d3D\u00cdT A TERM\u00c9SZETESS\u00c9G, AZ EG\u00c9SZS\u00c9GES SZEML\u00c9LET, \u00c9S NINCS EZ M\u00c1SK\u00c9NT A FODR\u00c1SZ-VIL\u00c1GBAN SEM. SOK VEND\u00c9G T\u00d6REKSZIK ARRA, HOGY OLYAN HAJFEST\u00c9KET V\u00c1LASSZON, AMELY NEM TARTALMAZ K\u00c1ROS ADAL\u00c9KANYAGOKAT, AMI K\u00d6RNYEZETBAR\u00c1T, AMI MAXIM\u00c1LISAN \u00d3VJA HAJA EG\u00c9SZS\u00c9G\u00c9T, MIK\u00d6ZBEN 100%-OS FED\u00c9ST \u00c9S CSILLOG\u00c1ST BIZTOS\u00cdT A HAJNAK.<\/p>\n<p>Nem csak egy egyszer\u0171 hajfest\u00e9k, a leg\u00fajabb gener\u00e1ci\u00f3s pigmentek, koncentr\u00e1lt n\u00f6v\u00e9nyi kivonatok kever\u00e9ke tesz k\u00fcl\u00f6nlegess\u00e9. 100%-ban amm\u00f3nia, PPD(para-fenil\u00e9ndiamin) \u00e9s k\u0151olaj sz\u00e1rmaz\u00e9k mentes.<\/p>\n<p>A Reverso Hair Color egy\u00a0teljes \u00e9rt\u00e9k\u0171 oxid\u00e1ci\u00f3s hajfest\u00e9k, amely a t\u00f6k\u00e9letes fed\u00e9s mellett garant\u00e1lja az \u00e1polt, eg\u00e9szs\u00e9ges, puha tapint\u00e1s\u00fa \u00e9s csillog\u00f3 hajat.\u00a0Amm\u00f3nia helyett MEA-t (Monoethanolamine) tartalmaz, melynek k\u00f6sz\u00f6nhet\u0151en nem csak k\u00edm\u00e9letes, de az illata is kellemesebb.\u00a0A Reverso Hair Color egy olajos b\u00e1zis\u00fa hajfest\u00e9k, amely rendk\u00edv\u00fcl hat\u00e9konyan regener\u00e1lja \u00e9s t\u00e1pl\u00e1lja a hajat. Organikus \u00f6sszetev\u0151i mellett olyan k\u00fcl\u00f6nleges mikro pigmenteket tartalmaz, melyeknek k\u00f6sz\u00f6nhet\u0151en extra f\u00e9nyes hajsz\u00edneket kaphatunk. Hogyan lehets\u00e9ges ez? A mikro pigmentek m\u00e9ret\u00fckb\u0151l ad\u00f3d\u00f3an kisebb m\u00e9rt\u00e9kben nyitj\u00e1k meg a kutikul\u00e1t, \u00edgy a Reverso Hair Color meg\u0151rzi, s\u0151t, fokozza a frizura f\u00e9nyess\u00e9g\u00e9t, csillog\u00e1s\u00e1t. K\u00f6nnyen \u00e9s biztons\u00e1gosan alkalmazhat\u00f3, illata rendk\u00edv\u00fcl kellemes, friss, gy\u00fcm\u00f6lcs\u00f6s. Innovat\u00edv, extra \u00e1pol\u00e1st biztos\u00edt\u00f3 Superfood \u00f6sszetev\u0151ket tartalmaz!<\/p>\n<p><img loading=\"lazy\" class=\"size-full wp-image-1773 aligncenter\" src=\"https:\/\/www.muzsik.hu\/wp-content\/uploads\/2021\/03\/IMG-1580.jpg\" alt=\"\" width=\"960\" height=\"960\" srcset=\"https:\/\/www.muzsik.hu\/wp-content\/uploads\/2021\/03\/IMG-1580.jpg 960w, https:\/\/www.muzsik.hu\/wp-content\/uploads\/2021\/03\/IMG-1580-150x150.jpg 150w, https:\/\/www.muzsik.hu\/wp-content\/uploads\/2021\/03\/IMG-1580-300x300.jpg 300w, https:\/\/www.muzsik.hu\/wp-content\/uploads\/2021\/03\/IMG-1580-768x768.jpg 768w, https:\/\/www.muzsik.hu\/wp-content\/uploads\/2021\/03\/IMG-1580-480x480.jpg 480w, https:\/\/www.muzsik.hu\/wp-content\/uploads\/2021\/03\/IMG-1580-720x720.jpg 720w\" sizes=\"(max-width: 960px) 100vw, 960px\" \/><\/p>\n<p style=\"text-align: center;\">Avok\u00e1d\u00f3: Seg\u00edt fenntartani a haj rugalmass\u00e1g\u00e1t, megel\u0151zi a hajsz\u00e1lak \u00f6reged\u00e9s\u00e9t, hidrat\u00e1l\u00f3 tulajdons\u00e1ga van<\/p>\n<p style=\"text-align: center;\">Ban\u00e1n: Vissza\u00e1ll\u00edtja a haj term\u00e9szetes \u00e1sv\u00e1nyi anyag szintj\u00e9t<\/p>\n<p style=\"text-align: center;\">Gy\u00f6mb\u00e9r: Stimul\u00e1l\u00f3 \u00e9s \u00f6reged\u00e9sg\u00e1tl\u00f3 tulajdons\u00e1gokkal rendelkezik<\/p>\n<p style=\"text-align: center;\">Narancs: V\u00e9di a hajat, hidrat\u00e1l \u00e9s friss\u00edt<\/p>\n<p style=\"text-align: center;\">Kurkuma: Er\u0151sebb\u00e9, l\u00e1gyabb\u00e1 teszi a hajat<\/p>\n<p style=\"text-align: center;\">R\u00e9pa: Er\u0151s\u00edti a haj szerkezet\u00e9t, eg\u00e9szs\u00e9gess\u00e9 teszi a hajat, testess\u00e9get k\u00f6lcs\u00f6n\u00f6z a frizur\u00e1nak<\/p>\n<p style=\"text-align: center;\">Erdei gy\u00fcm\u00f6lcs\u00f6k: Seg\u00edtik a sejtek oxig\u00e9nell\u00e1t\u00e1s\u00e1t, m\u00e9lyen t\u00e1pl\u00e1lj\u00e1k a hajat<\/p>\n<p style=\"text-align: center;\">Alma: A f\u00e9nyes haj elix\u00edrje<\/p>\n<p style=\"text-align: center;\">Chili paprika: Serkenti a hajsz\u00e1lak oxig\u00e9nell\u00e1t\u00e1s\u00e1t<\/p>\n<p style=\"text-align: center;\">Intenz\u00edv \u00e9s ragyog\u00f3 sz\u00edneket, selymes \u00e9s rendk\u00edv\u00fcl f\u00e9nyes hajat var\u00e1zsol a vend\u00e9geknek!<\/p>\n","protected":false},"excerpt":{"rendered":"<p>A term\u00e9szet energi\u00e1ja tubusba z\u00e1rva! A VIL\u00c1GBAN EGYRE NAGYOBB TERET H\u00d3D\u00cdT A TERM\u00c9SZETESS\u00c9G, AZ EG\u00c9SZS\u00c9GES SZEML\u00c9LET, \u00c9S NINCS EZ M\u00c1SK\u00c9NT A FODR\u00c1SZ-VIL\u00c1GBAN SEM. SOK VEND\u00c9G T\u00d6REKSZIK ARRA, HOGY OLYAN HAJFEST\u00c9KET [&hellip;]<\/p>\n","protected":false},"author":1,"featured_media":1432,"comment_status":"closed","ping_status":"open","sticky":false,"template":"","format":"standard","meta":[],"categories":[8],"tags":[],"_links":{"self":[{"href":"https:\/\/www.muzsik.hu\/index.php\/wp-json\/wp\/v2\/posts\/1770"}],"collection":[{"href":"https:\/\/www.muzsik.hu\/index.php\/wp-json\/wp\/v2\/posts"}],"about":[{"href":"https:\/\/www.muzsik.hu\/index.php\/wp-json\/wp\/v2\/types\/post"}],"author":[{"embeddable":true,"href":"https:\/\/www.muzsik.hu\/index.php\/wp-json\/wp\/v2\/users\/1"}],"replies":[{"embeddable":true,"href":"https:\/\/www.muzsik.hu\/index.php\/wp-json\/wp\/v2\/comments?post=1770"}],"version-history":[{"count":3,"href":"https:\/\/www.muzsik.hu\/index.php\/wp-json\/wp\/v2\/posts\/1770\/revisions"}],"predecessor-version":[{"id":1774,"href":"https:\/\/www.muzsik.hu\/index.php\/wp-json\/wp\/v2\/posts\/1770\/revisions\/1774"}],"wp:featuredmedia":[{"embeddable":true,"href":"https:\/\/www.muzsik.hu\/index.php\/wp-json\/wp\/v2\/media\/1432"}],"wp:attachment":[{"href":"https:\/\/www.muzsik.hu\/index.php\/wp-json\/wp\/v2\/media?parent=1770"}],"wp:term":[{"taxonomy":"category","embeddable":true,"href":"https:\/\/www.muzsik.hu\/index.php\/wp-json\/wp\/v2\/categories?post=1770"},{"taxonomy":"post_tag","embeddable":true,"href":"https:\/\/www.muzsik.hu\/index.php\/wp-json\/wp\/v2\/tags?post=1770"}],"curies":[{"name":"wp","href":"https:\/\/api.w.org\/{rel}","templated":true}]}}