{"id":1755,"date":"2021-03-07T11:17:12","date_gmt":"2021-03-07T10:17:12","guid":{"rendered":"https:\/\/www.muzsik.hu\/?p=1755"},"modified":"2021-03-07T11:17:12","modified_gmt":"2021-03-07T10:17:12","slug":"infravoros-hajkezeles-lapvassal","status":"publish","type":"post","link":"https:\/\/www.muzsik.hu\/index.php\/2021\/03\/07\/infravoros-hajkezeles-lapvassal\/","title":{"rendered":"Infrav\u00f6r\u00f6s hajkezel\u00e9s lapvassal"},"content":{"rendered":"<p dir=\"auto\"><img loading=\"lazy\" class=\"alignleft wp-image-1756 size-medium\" src=\"https:\/\/www.muzsik.hu\/wp-content\/uploads\/2021\/03\/IMG_1093-228x300.jpeg\" alt=\"\" width=\"228\" height=\"300\" \/> <img loading=\"lazy\" class=\"alignright wp-image-1758 size-medium\" src=\"https:\/\/www.muzsik.hu\/wp-content\/uploads\/2021\/03\/IMG_0816-300x300.jpeg\" alt=\"\" width=\"300\" height=\"300\" srcset=\"https:\/\/www.muzsik.hu\/wp-content\/uploads\/2021\/03\/IMG_0816-300x300.jpeg 300w, https:\/\/www.muzsik.hu\/wp-content\/uploads\/2021\/03\/IMG_0816-150x150.jpeg 150w, https:\/\/www.muzsik.hu\/wp-content\/uploads\/2021\/03\/IMG_0816-768x765.jpeg 768w, https:\/\/www.muzsik.hu\/wp-content\/uploads\/2021\/03\/IMG_0816-1024x1020.jpeg 1024w, https:\/\/www.muzsik.hu\/wp-content\/uploads\/2021\/03\/IMG_0816-480x480.jpeg 480w, https:\/\/www.muzsik.hu\/wp-content\/uploads\/2021\/03\/IMG_0816-720x720.jpeg 720w, https:\/\/www.muzsik.hu\/wp-content\/uploads\/2021\/03\/IMG_0816.jpeg 1125w\" sizes=\"(max-width: 300px) 100vw, 300px\" \/> Az infrav\u00f6r\u00f6s hajegyenes\u00edt\u0151 ide\u00e1lis a s\u00e9r\u00fclt haj v\u00e9gleges helyre\u00e1ll\u00edt\u00e1s\u00e1hoz, az infrav\u00f6r\u00f6s sugarak k\u00f6nnyen bez\u00e1rj\u00e1k a hajk\u00e9rget (kutikul\u00e1t), \u00e9s lehet\u0151v\u00e9 teszik, hogy a szerkezethelyre\u00e1ll\u00edt\u00f3 \u00e1pol\u00f3 term\u00e9kek a kezel\u00e9s sor\u00e1n m\u00e9lyen behatoljanak a haj belsej\u00e9be.<\/p>\n<p>A hagyom\u00e1nyos h\u0151 (hajs\u00fct\u0151, hajvasal\u00f3, hajsz\u00e1r\u00edt\u00f3) sajnos minden esetben k\u00e1rt okoz a hajban. A h\u0151t\u0151l a haj pikkelyei megduzzadnak, kit\u00e1gulnak, \u00e9s a haj vesz\u00edt nedvess\u00e9gtartalm\u00e1b\u00f3l, a feh\u00e9rj\u00e9k felold\u00f3dnak. A hajs\u00fct\u0151 vas \u00e9s a hajsz\u00e1r\u00edt\u00e1s h\u00e1tr\u00e1nyai egy\u00e9rtelm\u0171ek.<\/p>\n<p>A RED haszn\u00e1lat\u00e1val az olajok, t\u00e1panyagok vagy a pigment teljesen felsz\u00edv\u00f3dnak, a haj kutikul\u00e1ja pedig mindig 100%- osan lez\u00e1rul, \u00edgy a haj selymess\u00e9 \u00e9s f\u00e9nyess\u00e9 v\u00e1lik. A RED haszn\u00e1lat\u00e1val a felsz\u00edv\u00f3d\u00e1s nagym\u00e9rt\u00e9kben javul.<\/p>\n<p>Haj kezel\u00e9s ideje 2 \u00f3ra.<\/p>\n<p>Kezel\u00e9s technik\u00e1ja:<\/p>\n<ol>\n<li>El\u0151sz\u00f6r alapos hajmos\u00e1s, ut\u00e1na megsz\u00e1r\u00edtjuk a hajat kb. 80% -ra.<\/li>\n<li>4 r\u00e9szre v\u00e1lasztjuk a hajat<\/li>\n<li>A hajat tincsenk\u00e9nt bekenj\u00fck megfelel\u0151 haj\u00e1pol\u00f3 term\u00e9kkel ( Powerplex, Hemp)egyenletesen bele massz\u00edrozzuk.<\/li>\n<li>Infrav\u00f6r\u00f6s hajvasal\u00f3val \u00e1th\u00fazzuk (3-5 \u00e1th\u00faz\u00e1s aj\u00e1nlott), am\u00edg a szerkezetjav\u00edt\u00f3, t\u00e1pl\u00e1l\u00f3 kezel\u0151 term\u00e9k egyenletesen felsz\u00edv\u00f3dik.<\/li>\n<li>Le\u00f6bl\u00edtj\u00fck a hajat \u00e9s form\u00e1ra sz\u00e1r\u00edtjuk<\/li>\n<\/ol>\n<p>K\u00f3rh\u00e1zakban az orvosok arra haszn\u00e1lj\u00e1k az infrav\u00f6r\u00f6s sug\u00e1rz\u00e1st, hogy sebeket gy\u00f3gy\u00edtsanak f\u00e1jdalommentesen. Itt arra haszn\u00e1ljuk \u0151ket, hogy a haj s\u00e9r\u00fclt sz\u00f6vet\u00e9t helyrehozzuk \u00e9s serkents\u00fck a hajt\u00f6vek v\u00e9rkering\u00e9s\u00e9t, ett\u0151l a haj eg\u00e9szs\u00e9gesebb, megfelel\u0151en t\u00e1pl\u00e1lt lesz. A 680nm infrav\u00f6r\u00f6s f\u00e9ny helyre\u00e1ll\u00edtja a hajrostokat \u00e9s azok rugalmass\u00e1g\u00e1t, lez\u00e1rja a hajat bor\u00edt\u00f3 k\u00fcls\u0151 r\u00e9teget, \u00edgy bennmaradnak az \u00e9rt\u00e9kes t\u00e1panyagok!<\/p>\n<p>A kutikula lez\u00e1rul, a haj visszanyeri rugalmass\u00e1g\u00e1t, a t\u00e1panyagok, illetve pigmentek k\u00f6nnyebben felsz\u00edv\u00f3dnak a kezel\u00e9s ut\u00e1n!<\/p>\n<p>Mi az infrav\u00f6r\u00f6s hajvasal\u00f3 m\u0171k\u00f6d\u00e9si elve?<\/p>\n<p><img loading=\"lazy\" class=\"wp-image-1759 size-medium aligncenter\" src=\"https:\/\/www.muzsik.hu\/wp-content\/uploads\/2021\/03\/IMG_1205-300x225.jpeg\" alt=\"\" width=\"300\" height=\"225\" srcset=\"https:\/\/www.muzsik.hu\/wp-content\/uploads\/2021\/03\/IMG_1205-300x225.jpeg 300w, https:\/\/www.muzsik.hu\/wp-content\/uploads\/2021\/03\/IMG_1205-768x576.jpeg 768w, https:\/\/www.muzsik.hu\/wp-content\/uploads\/2021\/03\/IMG_1205.jpeg 1024w\" sizes=\"(max-width: 300px) 100vw, 300px\" \/><\/p>\n<p>&nbsp;<\/p>\n","protected":false},"excerpt":{"rendered":"<p>Az infrav\u00f6r\u00f6s hajegyenes\u00edt\u0151 ide\u00e1lis a s\u00e9r\u00fclt haj v\u00e9gleges helyre\u00e1ll\u00edt\u00e1s\u00e1hoz, az infrav\u00f6r\u00f6s sugarak k\u00f6nnyen bez\u00e1rj\u00e1k a hajk\u00e9rget (kutikul\u00e1t), \u00e9s lehet\u0151v\u00e9 teszik, hogy a szerkezethelyre\u00e1ll\u00edt\u00f3 \u00e1pol\u00f3 term\u00e9kek a kezel\u00e9s sor\u00e1n m\u00e9lyen behatoljanak [&hellip;]<\/p>\n","protected":false},"author":1,"featured_media":1756,"comment_status":"closed","ping_status":"open","sticky":false,"template":"","format":"standard","meta":[],"categories":[1],"tags":[],"_links":{"self":[{"href":"https:\/\/www.muzsik.hu\/index.php\/wp-json\/wp\/v2\/posts\/1755"}],"collection":[{"href":"https:\/\/www.muzsik.hu\/index.php\/wp-json\/wp\/v2\/posts"}],"about":[{"href":"https:\/\/www.muzsik.hu\/index.php\/wp-json\/wp\/v2\/types\/post"}],"author":[{"embeddable":true,"href":"https:\/\/www.muzsik.hu\/index.php\/wp-json\/wp\/v2\/users\/1"}],"replies":[{"embeddable":true,"href":"https:\/\/www.muzsik.hu\/index.php\/wp-json\/wp\/v2\/comments?post=1755"}],"version-history":[{"count":1,"href":"https:\/\/www.muzsik.hu\/index.php\/wp-json\/wp\/v2\/posts\/1755\/revisions"}],"predecessor-version":[{"id":1760,"href":"https:\/\/www.muzsik.hu\/index.php\/wp-json\/wp\/v2\/posts\/1755\/revisions\/1760"}],"wp:featuredmedia":[{"embeddable":true,"href":"https:\/\/www.muzsik.hu\/index.php\/wp-json\/wp\/v2\/media\/1756"}],"wp:attachment":[{"href":"https:\/\/www.muzsik.hu\/index.php\/wp-json\/wp\/v2\/media?parent=1755"}],"wp:term":[{"taxonomy":"category","embeddable":true,"href":"https:\/\/www.muzsik.hu\/index.php\/wp-json\/wp\/v2\/categories?post=1755"},{"taxonomy":"post_tag","embeddable":true,"href":"https:\/\/www.muzsik.hu\/index.php\/wp-json\/wp\/v2\/tags?post=1755"}],"curies":[{"name":"wp","href":"https:\/\/api.w.org\/{rel}","templated":true}]}}