{"id":1393,"date":"2018-06-15T10:21:36","date_gmt":"2018-06-15T08:21:36","guid":{"rendered":"https:\/\/www.muzsik.hu\/?p=1393"},"modified":"2018-06-16T02:28:12","modified_gmt":"2018-06-16T00:28:12","slug":"top10hajszerkezet","status":"publish","type":"post","link":"https:\/\/www.muzsik.hu\/index.php\/2018\/06\/15\/top10hajszerkezet\/","title":{"rendered":"K\u00f6sz\u00f6ntsd eg\u00e9szs\u00e9ges hajjal a nyarat! \u2013 Top 10 hajszerkezet \u00fajj\u00e1\u00e9p\u00edt\u0151 kezel\u00e9s"},"content":{"rendered":"<p class=\"m_1197199992130992192entry-title m_1197199992130992192fusion-post-title\">V\u00e9gre bek\u00f6sz\u00f6nt a ny\u00e1r, \u00e9s vele egy\u00fctt a j\u00f3 id\u0151. Elhagyjuk a sapk\u00e1t, \u00e9s b\u00facs\u00fat int\u00fcnk a hideg napoknak. Ilyenkor j\u00f6n el az ideje a k\u00fcls\u0151 bels\u0151 meg\u00fajul\u00e1snak is, \u00e9s nincs ez m\u00e1sk\u00e9nt a haj eset\u00e9ben sem. Az al\u00e1bbiakban kedvenc hajszerkezet \u00e9p\u00edt\u0151 \u00e9s \u00e1pol\u00f3 kezel\u00e9seinket mutatjuk be, amelyekkel garant\u00e1ltan \u00e9lettel teliv\u00e9 \u00e9s eg\u00e9szs\u00e9gess\u00e9 var\u00e1zsolhatod Vend\u00e9ged frizur\u00e1j\u00e1t!<\/p>\n<div class=\"m_1197199992130992192post-content\" dir=\"auto\">\n<p>&nbsp;<\/p>\n<ol>\n<li><strong>Avocado Shot \u2013 Superfood sz\u00e9rum a hajnak<img loading=\"lazy\" class=\"m_1197199992130992192wp-image-16456 m_1197199992130992192 CToWUd a6T alignright\" tabindex=\"0\" src=\"https:\/\/ci4.googleusercontent.com\/proxy\/hsIA0cB_Q29vG0CoPqYvoJWSOgJILbgXGlA3lLnzAAKeWc8rMh0qRG0fOihq1RbqOgiqZpkJ3v2ZsMejA7OSTdqTsy7CyeoGbSBwVmxi7vFk6PNjfAoEtZeOxPc=s0-d-e1-ft#http:\/\/selective.hu\/wp-content\/uploads\/2018\/03\/AVOCADO_Blister_web.png\" alt=\"\" width=\"172\" height=\"238\" \/><\/strong><\/li>\n<\/ol>\n<p>&nbsp;<\/p>\n<p>A Selective Professional leg\u00fajabb innov\u00e1ci\u00f3ja ez az igazi\u00a0<a href=\"http:\/\/selective.hu\/portfolio_category\/avocado-shot\/\" target=\"_blank\" rel=\"noopener\" data-saferedirecturl=\"https:\/\/www.google.com\/url?q=http:\/\/selective.hu\/portfolio_category\/avocado-shot\/&amp;source=gmail&amp;ust=1529136832922000&amp;usg=AFQjCNEmoLIoHrVDNiGNyIDv0piHozHbtg\">szupert\u00e1pl\u00e1l\u00f3 sz\u00e9rum<\/a>, amely igazi gy\u00f3gy\u00edr a sz\u00e1raz, s\u00e9r\u00fclt hajra. Avok\u00e1d\u00f3 kivonat\u00e1nak, \u00e9s rendk\u00edv\u00fcl magas antioxid\u00e1ns tartalm\u00e1nak k\u00f6sz\u00f6nhet\u0151en azonnali regener\u00e1l\u00f3 \u00e9s \u00e1pol\u00f3 hat\u00e1ssal rendelkezik, amely m\u00e9g az er\u0151sen sz\u00e1raz hajon is szemmel l\u00e1that\u00f3 eredm\u00e9nyeket biztos\u00edt m\u00e1r az els\u0151 haszn\u00e1lat ut\u00e1n. Haszn\u00e1lhat\u00f3 nat\u00far vagy festett hajon egyar\u00e1nt, ak\u00e1r napi haszn\u00e1latra is alkalmas. Alkalmazd megmosott, t\u00f6r\u00f6lk\u00f6z\u0151sz\u00e1raz hajon, oszlasd el egyenletesen egy f\u00e9s\u0171 seg\u00edts\u00e9g\u00e9vel. Ki\u00f6bl\u00edt\u00e9st nem ig\u00e9nyel, \u00edgy azonnal folytathatod a k\u00edv\u00e1nt frizura form\u00e1z\u00e1s\u00e1val.<\/p>\n<p>&nbsp;<\/p>\n<ol start=\"2\">\n<li><strong>Azonnali seg\u00edts\u00e9g a v\u00edzhi\u00e1nyos hajra<\/strong><\/li>\n<\/ol>\n<p><img loading=\"lazy\" class=\"m_1197199992130992192wp-image-11841 m_1197199992130992192 CToWUd a6T alignleft\" tabindex=\"0\" src=\"https:\/\/ci6.googleusercontent.com\/proxy\/YpKeOjt7hvQthomCGygKQFa-0qFSSbN8Axa_SAK9RR1T2eNpiZKU9a_Hazse9x9NWBj5x9LGZ1sCOSU8hGs33K_bzMjUAEIm7dxeqdzeFBhtCU34yxTV8erk8UScTotGQm4UIe1pZHHjDcNwLEn7nE73kYRrcoP8N1-QBZqQ6rAVQRfMP1QCBQ=s0-d-e1-ft#http:\/\/selective.hu\/wp-content\/uploads\/2016\/02\/ONcare2016_Mineral-Infuse-10x10ml_inquadratura02-e1528968285359.png\" alt=\"\" width=\"154\" height=\"161\" \/>A t\u00e9li, hideg h\u00f3napok ut\u00e1n a haj szinte szomjazik a hidrat\u00e1l\u00e1sra. A sapka haszn\u00e1lata, a tart\u00f3san alacsony h\u0151m\u00e9rs\u00e9klet \u00e9s a f\u0171t\u00e9si szezon egy\u00fcttesen k\u00e1ros\u00edtj\u00e1k a hajszerkezetet, \u00e9s vonj\u00e1k el az \u00e9rt\u00e9kes vizet a haj szerkezet\u00e9b\u0151l. Erre a probl\u00e9m\u00e1ra k\u00edn\u00e1l hat\u00e9kony \u00e9s azonnali megold\u00e1st az\u00a0<a href=\"http:\/\/selective.hu\/portfolio-items\/mineral-infuse\/?portfolioCats=54%2C55%2C53%2C56\" target=\"_blank\" rel=\"noopener\" data-saferedirecturl=\"https:\/\/www.google.com\/url?q=http:\/\/selective.hu\/portfolio-items\/mineral-infuse\/?portfolioCats%3D54%252C55%252C53%252C56&amp;source=gmail&amp;ust=1529136832922000&amp;usg=AFQjCNFYxA16wT5FLZtI2qYdr8wZg2y3ag\">ONCare Mineral Infuse<\/a>\u00a0ampulla. \u00c9rt\u00e9kes vitamin \u00e9s \u00e1sv\u00e1nyi anyag tartalm\u00e1nak k\u00f6sz\u00f6nhet\u0151en t\u00e1pl\u00e1lja \u00e9s regener\u00e1lja m\u00e9g az er\u0151sen ig\u00e9nybe vett hajat is. Haszn\u00e1ld megmosott, t\u00f6r\u00f6lk\u00f6z\u0151sz\u00e1raz hajon, hagyd hatni 30 m\u00e1sodpercet, majd alaposan \u00f6bl\u00edtsd le.<\/p>\n<p>&nbsp;<\/p>\n<ol start=\"3\">\n<li><strong>Intenz\u00edv hidrat\u00e1l\u00f3 kezel\u00e9s a kendermag erej\u00e9vel<img loading=\"lazy\" class=\"m_1197199992130992192wp-image-16444 m_1197199992130992192 CToWUd a6T alignright\" tabindex=\"0\" src=\"https:\/\/ci4.googleusercontent.com\/proxy\/H3Eq9eyBRNDRLbFiAaBFa1nv88QR5eLZ0L_GZOnvEHlJQzkqLCMFtiqPcftQfKAhm3VkDn84ReTCLMXWRrEP7MXLJ9v7lHHTNB7N_JvT=s0-d-e1-ft#http:\/\/selective.hu\/wp-content\/uploads\/2018\/02\/maszk.png\" alt=\"\" width=\"160\" height=\"222\" \/><\/strong><\/li>\n<\/ol>\n<p>&nbsp;<\/p>\n<p>A\u00a0<a href=\"http:\/\/selective.hu\/portfolio-items\/hemp-sublime-ultimate-luxury-maszk\/\" target=\"_blank\" rel=\"noopener\" data-saferedirecturl=\"https:\/\/www.google.com\/url?q=http:\/\/selective.hu\/portfolio-items\/hemp-sublime-ultimate-luxury-maszk\/&amp;source=gmail&amp;ust=1529136832922000&amp;usg=AFQjCNFWoVF3OlG19erskb2rUt1ggWt-tQ\">Hemp Sublime Ultimate Luxury Maszk<\/a>\u00a0m\u00e9lyen t\u00e1pl\u00e1lja a hajat, mik\u00f6zben vissza\u00e1ll\u00edtja az optim\u00e1lis hidrat\u00e1lts\u00e1gi szintj\u00e9t. Er\u0151s\u00edti a hajsz\u00e1lak szerkezet\u00e9t, v\u00e9d az \u00f6reged\u00e9s ellen, \u00e9s k\u00f6sz\u00f6nhet\u0151en magas hat\u00f3anyagtartalm\u00e1nak, l\u00e1gys\u00e1got \u00e9s csillog\u00e1st k\u00f6lcs\u00f6n\u00f6z a frizur\u00e1nak. Megmosott, t\u00f6r\u00f6lk\u00f6z\u0151sz\u00e1raz hajon alkalmazd, oszlasd el egyenletesen, majd hagyd hatni 3-5 percig \u00e9s alaposan \u00f6bl\u00edtsd le. A kondicion\u00e1l\u00f3 hat\u00e1s fokoz\u00e1s\u00e1nak \u00e9rdek\u00e9ben keverj a maszkba n\u00e9h\u00e1ny csepp Hemp Sublime Ultimate Luxury Elix\u00edrt.<\/p>\n<p>&nbsp;<\/p>\n<p>&nbsp;<\/p>\n<p>&nbsp;<\/p>\n<ol start=\"4\">\n<li><strong>Gy\u00f3gy\u00edr az er\u0151sen s\u00e9r\u00fclt hajszerkezetre<\/strong><\/li>\n<\/ol>\n<p><img loading=\"lazy\" class=\"m_1197199992130992192wp-image-12768 m_1197199992130992192 CToWUd a6T alignleft\" tabindex=\"0\" src=\"https:\/\/ci3.googleusercontent.com\/proxy\/REp7ue9P0T4wdsfE0x-qPCWuOCdj8SdpcFP9Rc-OY_IrLMKw_1cAkAEZGeKoEYiE8JsPaFB0So-6rGzdhahzMGKKr-9VKh3DYZR2uABUtn2f__kQgvQ4XpE=s0-d-e1-ft#http:\/\/selective.hu\/wp-content\/uploads\/2016\/04\/Maschera-Keratin.jpg\" alt=\"\" width=\"168\" height=\"233\" \/><\/p>\n<p>Az\u00a0<a href=\"http:\/\/selective.hu\/portfolio-items\/keratin-mask\/\" target=\"_blank\" rel=\"noopener\" data-saferedirecturl=\"https:\/\/www.google.com\/url?q=http:\/\/selective.hu\/portfolio-items\/keratin-mask\/&amp;source=gmail&amp;ust=1529136832923000&amp;usg=AFQjCNF78I0KBdZA_jFev2rMnS38sZNTeA\">Artistic Flair Keratin Maszkja<\/a>\u00a0er\u0151s kondicion\u00e1l\u00f3 hat\u00e1ssal rendelkezik, amely m\u00e9g az er\u0151sen s\u00e9r\u00fclt hajszerkezeten is hat\u00e9konyan fejti ki hat\u00e1s\u00e1t. Eg\u00e9szen a hajsz\u00e1l belsej\u00e9t\u0151l regener\u00e1lja a hajat, keratin tartalm\u00e1nak k\u00f6sz\u00f6nhet\u0151en vissza\u00e1ll\u00edtja a hajszerkezet megfelel\u0151 hidrat\u00e1lts\u00e1gi szintj\u00e9t. Haszn\u00e1lat\u00e1val a frizura l\u00e1that\u00f3an eg\u00e9szs\u00e9gesebb \u00e9s f\u00e9nyesebb\u00e9 v\u00e1lik. Oszlass el egy kis mennyis\u00e9g\u0171 Keratin Maszkot a megtiszt\u00edtott, nedves hajon, majd hagyd hatni 5-10 percig, majd alaposan \u00f6bl\u00edtsd le v\u00edzzel, \u00e9s folytasd a frizura kialak\u00edt\u00e1s\u00e1val.<\/p>\n<p>&nbsp;<\/p>\n<p>&nbsp;<\/p>\n<ol start=\"5\">\n<li><strong>Ki\u00f6bl\u00edt\u00e9st nem ig\u00e9nyl\u00f3 szerkezet \u00e9p\u00edt\u0151 spray a ragyog\u00f3an eg\u00e9szs\u00e9ges haj\u00e9rt<img loading=\"lazy\" class=\"m_1197199992130992192wp-image-16896 m_1197199992130992192 CToWUd a6T alignright\" tabindex=\"0\" src=\"https:\/\/ci4.googleusercontent.com\/proxy\/Y22yirzlayd-r6vP4vYGT7scOekP8QIuQS3LFl-hnhJ0ShmZkaCPsXt9qZ5XDrF2By9KkFOlcvpCVFsf8lphISA0M47KmLf_KNxqBl9D0udy6-0H=s0-d-e1-ft#http:\/\/selective.hu\/wp-content\/uploads\/2018\/06\/3-1000x1000.png\" alt=\"\" width=\"304\" height=\"304\" \/><\/strong><\/li>\n<\/ol>\n<p>&nbsp;<\/p>\n<p>A Selective Professional egyik legkedveltebb hajszerkezet \u00fajra\u00e9p\u00edt\u0151 kezel\u00e9se a PowerPlex Spray Maszk. Azonnali hajer\u0151s\u00edt\u0151 hat\u00e1s\u00e1nak k\u00f6sz\u00f6nhet\u0151en bel\u00fclr\u0151l er\u0151s\u00edti, hidrat\u00e1lja \u00e9s v\u00e9di a hajsz\u00e1lakat. Meger\u0151s\u00edti \u00e9s meghosszabb\u00edtja az el\u0151z\u0151leg v\u00e9gzett PowerPlex szalonkezel\u00e9s minden j\u00f3t\u00e9kony hat\u00e1s\u00e1t, kiv\u00e1l\u00f3an alkalmazhat\u00f3 festett, sz\u0151k\u00edtett, dauerolt vagy ak\u00e1r tart\u00f3san egyenes\u00edtett hajon is. Permetezz kb. 20 cm t\u00e1vols\u00e1gb\u00f3l a megmosott, t\u00f6r\u00f6lk\u00f6z\u0151sz\u00e1raz hajra, majd oszlasd el egyenletesen egy f\u00e9s\u0171 seg\u00edts\u00e9g\u00e9vel. \u00d6bl\u00edt\u00e9st nem ig\u00e9nyel, \u00edgy folytathatod is a k\u00edv\u00e1nt frizura kialak\u00edt\u00e1s\u00e1t.<\/p>\n<p>&nbsp;<\/p>\n<ol start=\"6\">\n<li><strong>K\u00e9tkomponens\u0171 rekonstrukci\u00f3s kezel\u00e9s sz\u00e1raz, s\u00e9r\u00fclt hajra<\/strong><\/li>\n<\/ol>\n<p><img loading=\"lazy\" class=\"m_1197199992130992192wp-image-16897 m_1197199992130992192 CToWUd a6T alignleft\" tabindex=\"0\" src=\"https:\/\/ci6.googleusercontent.com\/proxy\/XwNr8sahqM0mUeZrsiaEldbceLINf2VRpuJlDYKfMI0Rrpcr3k9PTzP91cisiTZEuNPOWesVUY-rcH4jZL-fKf9bNJ2zydYROahJmwf_Y8e3tm3YrkLaDrcBaj0Z7qw_v9JoT7lkxPC-OFA=s0-d-e1-ft#http:\/\/selective.hu\/wp-content\/uploads\/2018\/06\/ONcare2016_ASTUCCIO-densi-fill_WEB.png\" alt=\"\" width=\"250\" height=\"212\" \/><\/p>\n<p>&nbsp;<\/p>\n<p><a href=\"http:\/\/selective.hu\/portfolio-items\/densi-fill-kezeles\/?portfolioCats=54%2C55%2C53%2C56\" target=\"_blank\" rel=\"noopener\" data-saferedirecturl=\"https:\/\/www.google.com\/url?q=http:\/\/selective.hu\/portfolio-items\/densi-fill-kezeles\/?portfolioCats%3D54%252C55%252C53%252C56&amp;source=gmail&amp;ust=1529136832923000&amp;usg=AFQjCNHhhAxKOpR9zQoDbiK4GoSVDIpofg\">ONCare Densi Fill<\/a>\u00a0kezel\u00e9s professzion\u00e1lis kezel\u00e9s kifejezetten szalon haszn\u00e1latra. Helyre\u00e1ll\u00edtja a s\u00e9r\u00fclt haj szerkezet\u00e9t, vissza\u00e1ll\u00edtja a hajsz\u00e1lak megfelel\u0151 hidrat\u00e1lts\u00e1gi szintj\u00e9t. Bel\u00fclr\u0151l regener\u00e1lja a s\u00e9r\u00fclt hajszerkezetet, haszn\u00e1lat\u00e1val a hajsz\u00e1lak l\u00e1that\u00f3an vastagabb\u00e1 v\u00e1lnak an\u00e9lk\u00fcl, hogy elnehez\u00fclne a frizura. Keverd \u00f6ssze egy t\u00e1lban a k\u00e9t \u00fcvegcse tartalm\u00e1t am\u00edg kr\u00e9mes emulzi\u00f3t nem kapsz. N\u00e9h\u00e1ny perced pihentesd, amig aktiviz\u00e1l\u00f3dnak az \u00f6sszetev\u0151k. Ezt k\u00f6vet\u0151en ecset seg\u00edts\u00e9g\u00e9vel vidd fel a megmosott, t\u00f6r\u00f6lk\u00f6z\u0151sz\u00e1raz hajra, \u00e9s hagyd hatni 5 percig, \u00e9s alaposan \u00f6bl\u00edtsd le v\u00edzzel.<\/p>\n<p>&nbsp;<\/p>\n<p>&nbsp;<\/p>\n<ol start=\"7\">\n<li><strong>Intenz\u00edv t\u00e1pl\u00e1l\u00f3 maszk bionekt\u00e1r tartalommal<img loading=\"lazy\" class=\"m_1197199992130992192wp-image-12492 m_1197199992130992192alignright CToWUd\" src=\"https:\/\/ci5.googleusercontent.com\/proxy\/6bZueY3VbiQHsQPbHMeazGWL4Njs4j1hQcZN0TxI0wDB2qgmG7SSppE9cyXxaFLSwPYVaQa1j0TtTOIgMvRp74BmNn46o2_2AvS6vozdIW3DGKeugENfyN4sOhSmp_E=s0-d-e1-ft#http:\/\/selective.hu\/wp-content\/uploads\/2016\/04\/NATURALI_TuboNUTRIMASK.jpg\" alt=\"\" width=\"238\" height=\"330\" \/><\/strong><\/li>\n<\/ol>\n<p>&nbsp;<\/p>\n<p>A\u00a0<a href=\"http:\/\/selective.hu\/portfolio-items\/nutri-mask\/?portfolioCats=75\" target=\"_blank\" rel=\"noopener\" data-saferedirecturl=\"https:\/\/www.google.com\/url?q=http:\/\/selective.hu\/portfolio-items\/nutri-mask\/?portfolioCats%3D75&amp;source=gmail&amp;ust=1529136832923000&amp;usg=AFQjCNGufPPFnSCwMMHkol28ThmZ7fEUnw\">Natural Flowers Nutri Maszk<\/a>\u00a0t\u00e1pl\u00e1l\u00f3 olajokkal \u00e9s helyre\u00e1ll\u00edt\u00f3 feh\u00e9rj\u00e9kkel gazdag\u00edtott \u00f6sszetev\u0151inek k\u00f6sz\u00f6nhet\u0151en hat\u00e9konyan kondicion\u00e1lja \u00e9s v\u00e9di a dehidrat\u00e1lt, illetve s\u00e9r\u00fclt hajat.\u00a0 Haszn\u00e1lat\u00e1val a haj sim\u00e1v\u00e1, f\u00e9nyesebb\u00e9 \u00e9s \u00e9lettel telibb\u00e9 v\u00e1lik, 100%-ban organikus \u00f6sszetev\u0151ket tartalmaz, \u00edgy a k\u00f6rnyezettudatos Vend\u00e9geknek is t\u00f6k\u00e9letes v\u00e1laszt\u00e1st biztos\u00edt. Nedves, t\u00f6r\u00f6lk\u00f6z\u0151sz\u00e1raz hajon alkalmazd, alaposan massz\u00edrozd be a maszkot. 3-5 perc letelte ut\u00e1n alaposan \u00f6bl\u00edtsd le v\u00edzzel, \u00e9s folytasd a frizura form\u00e1z\u00e1s\u00e1val.<\/p>\n<p>&nbsp;<\/p>\n<ol start=\"8\">\n<li><strong>Magas feh\u00e9rje tartalm\u00fa szalonkezel\u00e9s s\u00e9r\u00fclt hajra<\/strong><\/li>\n<\/ol>\n<p><img loading=\"lazy\" class=\"m_1197199992130992192wp-image-13305 m_1197199992130992192 CToWUd a6T alignright\" tabindex=\"0\" src=\"https:\/\/ci4.googleusercontent.com\/proxy\/8NNTBWWIzxOk7jzmspe8F0zjZwZpvTJqRX7lgrR68ymr5KUpaL5nTnV3RgfFhjOfI17LN1e1WnpMG_cuptUl9nw8nNGC7q_wvUpfRH6wnBM6vHuci9f2b-YRGZK21-o65v3DfJWF=s0-d-e1-ft#http:\/\/selective.hu\/wp-content\/uploads\/2016\/10\/ONcare2016_Protein-Infuse_WEB.png\" alt=\"\" width=\"183\" height=\"161\" \/><\/p>\n<p>Az\u00a0<a href=\"http:\/\/selective.hu\/portfolio-items\/protein-infuse-kezeles\/?portfolioCats=54%2C55%2C53%2C56\" target=\"_blank\" rel=\"noopener\" data-saferedirecturl=\"https:\/\/www.google.com\/url?q=http:\/\/selective.hu\/portfolio-items\/protein-infuse-kezeles\/?portfolioCats%3D54%252C55%252C53%252C56&amp;source=gmail&amp;ust=1529136832923000&amp;usg=AFQjCNGCnVclHZlx7FOY9ugbkzqTkIkBCw\">ONCare Protein Infuse<\/a>\u00a0kezel\u00e9s a haj m\u00e9lyebb r\u00e9tegeibe hatolva fejti ki szerkezet jav\u00edt\u00f3 hat\u00e1s\u00e1t. A frizura l\u00e1that\u00f3an puh\u00e1bb, d\u00fasabb \u00e9s f\u00e9nyesebb lesz, \u00fajra megtelik \u00e9lettel. Vidd fel a m\u00e1r megmosott, t\u00f6r\u00f6lk\u00f6z\u0151sz\u00e1raz hajra, majd fedd le a hajat egy m\u0171anyag sapka seg\u00edt\u00e9s\u00e9g\u00e9vel. 5-10 perc hat\u00f3id\u0151 ut\u00e1n alaposan \u00f6bl\u00edtsd le v\u00edzzel.<\/p>\n<p>&nbsp;<\/p>\n<ol start=\"9\">\n<li><strong>Kondicion\u00e1l\u00f3 kr\u00e9m pakol\u00e1s a t\u00f6k\u00e9letesen \u00e1polt frizur\u00e1\u00e9rt<\/strong><\/li>\n<\/ol>\n<p>&nbsp;<\/p>\n<p><img loading=\"lazy\" class=\"m_1197199992130992192wp-image-12783 m_1197199992130992192 CToWUd a6T alignleft\" tabindex=\"0\" src=\"https:\/\/ci6.googleusercontent.com\/proxy\/uRrHw4-KIwdSegO9BMB9rRbRnxXZyIkkzRhzVslSUH-y1duPwEUodPp_3xqyKSejC8c7rr7FpZ-tC6EaEqaH0EYadLvdOZ_vMxqS2mqXs5h_FCQ=s0-d-e1-ft#http:\/\/selective.hu\/wp-content\/uploads\/2016\/04\/Hair-Cream.jpg\" alt=\"\" width=\"196\" height=\"271\" \/>Az\u00a0<a href=\"http:\/\/selective.hu\/portfolio-items\/hair-cream\/\" target=\"_blank\" rel=\"noopener\" data-saferedirecturl=\"https:\/\/www.google.com\/url?q=http:\/\/selective.hu\/portfolio-items\/hair-cream\/&amp;source=gmail&amp;ust=1529136832924000&amp;usg=AFQjCNHBL7rpVD9iOjnTa57nY48RHZzy9A\">Artistic Flair Hair Cream<\/a>\u00a0gyors felsz\u00edv\u00f3d\u00e1s\u00e1nak k\u00f6sz\u00f6nhet\u0151en azonnali \u00e1pol\u00f3 \u00e9s v\u00e9d\u0151 hat\u00e1st biztos\u00edt a s\u00e9r\u00fclt hajszerkezetnek. Magas \u00e1pol\u00f3 tartalommal rendelkez\u0151 \u00f6sszetev\u0151inek k\u00f6sz\u00f6nhet\u0151en minden hajt\u00edpus eset\u00e9n hat\u00e9konyan t\u00e1pl\u00e1lja a hajat, a szarupikkelyek visszaz\u00e1r\u00e1s\u00e1val jav\u00edtja a haj szerkezet\u00e9t. Haszn\u00e1ld megtiszt\u00edtott, t\u00f6r\u00f6lk\u00f6z\u0151sz\u00e1raz hajon, oszlasd el egyenletesen a hajt\u00f6megen, majd n\u00e9h\u00e1ny perc ut\u00e1n alaposan \u00f6bl\u00edtsd le langyos v\u00edzzel.<\/p>\n<ol start=\"10\">\n<li><strong><br \/>\nTejfeh\u00e9rj\u00e9vel az eg\u00e9szs\u00e9ges haj\u00e9rt<\/strong><\/li>\n<\/ol>\n<p><img loading=\"lazy\" class=\"m_1197199992130992192wp-image-16541 m_1197199992130992192 CToWUd a6T alignright\" tabindex=\"0\" src=\"https:\/\/ci3.googleusercontent.com\/proxy\/OfKMuvpgeyb1A1z3esO1SXJsDr64sIdgwet4yTpZ7UqxB_JLRf3SRtLBhdYqBb4-SZtvCYRyC3c01N6RnS_Fm_j29yhTEDcKsyZ32N0_1iY=s0-d-e1-ft#http:\/\/selective.hu\/wp-content\/uploads\/2018\/02\/whipped.png\" alt=\"\" width=\"206\" height=\"206\" \/><\/p>\n<p>A kr\u00e9mes \u00e1llag\u00fa\u00a0<a href=\"http:\/\/selective.hu\/portfolio-items\/whipped-cream\/\" target=\"_blank\" rel=\"noopener\" data-saferedirecturl=\"https:\/\/www.google.com\/url?q=http:\/\/selective.hu\/portfolio-items\/whipped-cream\/&amp;source=gmail&amp;ust=1529136832924000&amp;usg=AFQjCNHLXY1yOcCTFc7yNNF9GNCAFmoIqQ\">Whipped Cream<\/a>\u00a0intenz\u00edven \u00e1polja a hajat, igazi felfriss\u00fcl\u00e9st ny\u00fajt a kisz\u00e1radt hajszerkezetnek a t\u00e9li h\u00f3napok ig\u00e9nybev\u00e9tele ut\u00e1n. Haszn\u00e1lat\u00e1val haj ism\u00e9t eg\u00e9szs\u00e9ges, puha tapint\u00e1s\u00fa, \u00e9s k\u00f6nnyen kezelhet\u0151v\u00e9 v\u00e1lik. Nem nehez\u00edti el a hajat, nem zs\u00edros\u00edtja, \u00e9s nem hagy nyomot a hajon. Haszn\u00e1lat el\u0151tt r\u00e1zd fel alaposan, majd vidd fel a m\u00e1r megmosott, t\u00f6r\u00f6lk\u00f6z\u0151sz\u00e1raz hajra, \u00e9s oszlasd el egyenletesen. Nem ig\u00e9nyel ki\u00f6bl\u00edt\u00e9st, \u00edgy folytathatod a frizura form\u00e1z\u00e1s\u00e1t.<\/p>\n<p>&nbsp;<\/p>\n<p>Forr\u00e1s: Selective Professional<\/p>\n<p>Szerz\u0151: Muzsik Edina<\/p>\n<\/div>\n","protected":false},"excerpt":{"rendered":"<p>V\u00e9gre bek\u00f6sz\u00f6nt a ny\u00e1r, \u00e9s vele egy\u00fctt a j\u00f3 id\u0151. Elhagyjuk a sapk\u00e1t, \u00e9s b\u00facs\u00fat int\u00fcnk a hideg napoknak. Ilyenkor j\u00f6n el az ideje a k\u00fcls\u0151 bels\u0151 meg\u00fajul\u00e1snak is, \u00e9s [&hellip;]<\/p>\n","protected":false},"author":1,"featured_media":1398,"comment_status":"closed","ping_status":"open","sticky":false,"template":"","format":"standard","meta":[],"categories":[8],"tags":[],"_links":{"self":[{"href":"https:\/\/www.muzsik.hu\/index.php\/wp-json\/wp\/v2\/posts\/1393"}],"collection":[{"href":"https:\/\/www.muzsik.hu\/index.php\/wp-json\/wp\/v2\/posts"}],"about":[{"href":"https:\/\/www.muzsik.hu\/index.php\/wp-json\/wp\/v2\/types\/post"}],"author":[{"embeddable":true,"href":"https:\/\/www.muzsik.hu\/index.php\/wp-json\/wp\/v2\/users\/1"}],"replies":[{"embeddable":true,"href":"https:\/\/www.muzsik.hu\/index.php\/wp-json\/wp\/v2\/comments?post=1393"}],"version-history":[{"count":4,"href":"https:\/\/www.muzsik.hu\/index.php\/wp-json\/wp\/v2\/posts\/1393\/revisions"}],"predecessor-version":[{"id":1397,"href":"https:\/\/www.muzsik.hu\/index.php\/wp-json\/wp\/v2\/posts\/1393\/revisions\/1397"}],"wp:featuredmedia":[{"embeddable":true,"href":"https:\/\/www.muzsik.hu\/index.php\/wp-json\/wp\/v2\/media\/1398"}],"wp:attachment":[{"href":"https:\/\/www.muzsik.hu\/index.php\/wp-json\/wp\/v2\/media?parent=1393"}],"wp:term":[{"taxonomy":"category","embeddable":true,"href":"https:\/\/www.muzsik.hu\/index.php\/wp-json\/wp\/v2\/categories?post=1393"},{"taxonomy":"post_tag","embeddable":true,"href":"https:\/\/www.muzsik.hu\/index.php\/wp-json\/wp\/v2\/tags?post=1393"}],"curies":[{"name":"wp","href":"https:\/\/api.w.org\/{rel}","templated":true}]}}