{"id":1244,"date":"2018-02-12T15:36:50","date_gmt":"2018-02-12T14:36:50","guid":{"rendered":"https:\/\/www.muzsik.hu\/?p=1244"},"modified":"2018-02-12T15:37:17","modified_gmt":"2018-02-12T14:37:17","slug":"2018-as-tavaszi-frizura-elorejelzes","status":"publish","type":"post","link":"https:\/\/www.muzsik.hu\/index.php\/2018\/02\/12\/2018-as-tavaszi-frizura-elorejelzes\/","title":{"rendered":"2018-as tavaszi frizura el\u0151rejelz\u00e9s"},"content":{"rendered":"<div dir=\"auto\"><\/div>\n<div dir=\"auto\">2018-as tavaszi frizura el\u0151rejelz\u00e9s \u2013 Mi marad divatban, \u00e9s mik az \u00fajdons\u00e1gok?<\/div>\n<div dir=\"auto\"><\/div>\n<div dir=\"auto\">Nem csak a ruh\u00e1zati trendek v\u00e1ltoznak \u00e9vszakonk\u00e9nt, a frizura trendek is v\u00e1ltoznak a tavasz bek\u00f6sz\u00f6nt\u00e9vel. Sok trendt\u0151l b\u00facs\u00fat vesz\u00fcnk, ha nem is \u00f6r\u00f6kre, de egy j\u00f3 ideig biztosan. Vannak azonban visszat\u00e9r\u0151k, r\u00e9gi kedves ismer\u0151s\u00f6k, akik 2018 tavasz\u00e1n \u00fajra divatosak lesznek, \u00e9s vannak olyan \u00fajdons\u00e1gok is, amelyekkel a tavaszi szezonban tal\u00e1lkozhatunk el\u0151sz\u00f6r.<\/div>\n<div dir=\"auto\">Cikk\u00fcnkben bemutatjuk a tavaszi szezon sikerv\u00e1rom\u00e1nyos frizur\u00e1it!<\/div>\n<div dir=\"auto\"><\/div>\n<div dir=\"auto\"><img loading=\"lazy\" class=\"alignleft size-medium wp-image-1245\" src=\"https:\/\/www.muzsik.hu\/wp-content\/uploads\/2018\/02\/IMG_7573-300x201.jpg\" alt=\"\" width=\"300\" height=\"201\" srcset=\"https:\/\/www.muzsik.hu\/wp-content\/uploads\/2018\/02\/IMG_7573-300x201.jpg 300w, https:\/\/www.muzsik.hu\/wp-content\/uploads\/2018\/02\/IMG_7573-768x516.jpg 768w, https:\/\/www.muzsik.hu\/wp-content\/uploads\/2018\/02\/IMG_7573-1024x688.jpg 1024w, https:\/\/www.muzsik.hu\/wp-content\/uploads\/2018\/02\/IMG_7573-1144x768.jpg 1144w, https:\/\/www.muzsik.hu\/wp-content\/uploads\/2018\/02\/IMG_7573.jpg 1334w\" sizes=\"(max-width: 300px) 100vw, 300px\" \/> <img loading=\"lazy\" class=\"size-medium wp-image-1248 alignright\" src=\"https:\/\/www.muzsik.hu\/wp-content\/uploads\/2018\/02\/IMG_7571-300x201.jpg\" alt=\"\" width=\"300\" height=\"201\" srcset=\"https:\/\/www.muzsik.hu\/wp-content\/uploads\/2018\/02\/IMG_7571-300x201.jpg 300w, https:\/\/www.muzsik.hu\/wp-content\/uploads\/2018\/02\/IMG_7571-768x516.jpg 768w, https:\/\/www.muzsik.hu\/wp-content\/uploads\/2018\/02\/IMG_7571-1024x688.jpg 1024w, https:\/\/www.muzsik.hu\/wp-content\/uploads\/2018\/02\/IMG_7571-1144x768.jpg 1144w, https:\/\/www.muzsik.hu\/wp-content\/uploads\/2018\/02\/IMG_7571.jpg 1334w\" sizes=\"(max-width: 300px) 100vw, 300px\" \/>1. Konty a fejtet\u0151n<\/div>\n<div dir=\"auto\">Id\u00e9n is tal\u00e1lkozhattunk m\u00e1r ezzel a hajviselettel, k\u00fcl\u00f6n\u00f6sen a fesztiv\u00e1lszezonban volt nagyon divatos. Egyszer\u0171,k\u00e9nyelmes, otthon is b\u00e1rmikor elk\u00e9sz\u00edthet\u0151. F\u00e9lhossz\u00fa \u00e9s hossz\u00fa hajhoz is egyar\u00e1nt illik ez a fajta konty, rohan\u00f3s reggeleken kifejezetten ide\u00e1lis.<\/div>\n<div dir=\"auto\"><\/div>\n<div dir=\"auto\">2. Egyenes, hat\u00e1rozott vonalak<\/div>\n<div dir=\"auto\">A 2018-as trendek nem igaz\u00e1n az \u00faj fazonokr\u00f3l, ink\u00e1bb a v\u00e1g\u00e1si technik\u00e1kr\u00f3l fognak sz\u00f3lni. Hat\u00e1rozott, egyenes vonalak, karakteres frizur\u00e1k lesznek az uralkod\u00f3 trendek a tavaszi szezonban. A r\u00e9teges v\u00e1g\u00e1si technik\u00e1t felv\u00e1ltj\u00e1k az egyenes form\u00e1k.<\/div>\n<div dir=\"auto\">A frufru sem megy ki a divatb\u00f3l a tavasz k\u00f6zeledt\u00e9vel, csak \u00e1talakul. A l\u00e1gyabb form\u00e1k helyett m\u00e1r ink\u00e1bb az \u00e9les kont\u00farok ker\u00fclnek el\u0151t\u00e9rbe, \u00edgy adva egy hat\u00e1rozott keretet az arcnak.<\/div>\n<div dir=\"auto\"><\/div>\n<p><img loading=\"lazy\" class=\"alignleft size-medium wp-image-1246\" src=\"https:\/\/www.muzsik.hu\/wp-content\/uploads\/2018\/02\/IMG_7568-242x300.jpg\" alt=\"\" width=\"242\" height=\"300\" srcset=\"https:\/\/www.muzsik.hu\/wp-content\/uploads\/2018\/02\/IMG_7568-242x300.jpg 242w, https:\/\/www.muzsik.hu\/wp-content\/uploads\/2018\/02\/IMG_7568-768x953.jpg 768w, https:\/\/www.muzsik.hu\/wp-content\/uploads\/2018\/02\/IMG_7568.jpg 774w\" sizes=\"(max-width: 242px) 100vw, 242px\" \/><\/p>\n<div dir=\"auto\">3. Extr\u00e9m sz\u00ednek<\/div>\n<div dir=\"auto\">New York-t\u00f3l P\u00e1rizsig szinte minden kifut\u00f3n megjelentek m\u00e1r a 2018-as kollekci\u00f3k bemutat\u00f3in a rendk\u00edv\u00fcl \u00e9l\u00e9nk, extr\u00e9m sz\u00edn\u0171 frizur\u00e1k. Legyen sz\u00f3 ak\u00e1r egyetlen tincsr\u0151l, vagy az eg\u00e9sz hajr\u00f3l, az er\u0151teljes, ragyog\u00f3 sz\u00ednek h\u00f3d\u00edtanak majd.<\/div>\n<div dir=\"auto\">Fluoreszk\u00e1l\u00f3 pink vagy kan\u00e1ri s\u00e1rga&#8230;&#8230;&#8230;..<\/div>\n<div dir=\"auto\"><\/div>\n<div dir=\"auto\">4. Laza, term\u00e9szetes hull\u00e1mok<\/div>\n<p><img loading=\"lazy\" class=\"size-medium wp-image-1247 alignright\" src=\"https:\/\/www.muzsik.hu\/wp-content\/uploads\/2018\/02\/IMG_7569-242x300.jpg\" alt=\"\" width=\"242\" height=\"300\" srcset=\"https:\/\/www.muzsik.hu\/wp-content\/uploads\/2018\/02\/IMG_7569-242x300.jpg 242w, https:\/\/www.muzsik.hu\/wp-content\/uploads\/2018\/02\/IMG_7569.jpg 750w\" sizes=\"(max-width: 242px) 100vw, 242px\" \/><\/p>\n<div dir=\"auto\">Ez a trend id\u0151r\u0151l id\u0151re visszat\u00e9r a divatba, sosem b\u00facs\u00fazunk el t\u0151le v\u00e9gleg. Tavasszal a laza, romantikus hull\u00e1mok ism\u00e9t renesz\u00e1nszukat \u00e9lik majd, ami nem csak a hossz\u00fa haj\u00faaknak \u00e1ll majd j\u00f3l. Rengeteg lehet\u0151s\u00e9g rejlik ebben a viszonylag egyszer\u0171 frizur\u00e1ban, otthon is k\u00f6nnyen elk\u00e9sz\u00edthet\u0151.<\/div>\n<div dir=\"auto\"><\/div>\n<div dir=\"auto\">5. A szuper r\u00f6vid bob<\/div>\n<div dir=\"auto\">A bob fazon is nagyon kedvelt az ut\u00f3bbi \u00e9vekben, \u00e1m tavasszal egy \u00fajabb v\u00e1ltozat\u00e1t k\u00f6sz\u00f6nthetj\u00fck. El\u0151t\u00e9rbe ker\u00fclnek a r\u00f6videbb, m\u00e1r-m\u00e1r extra r\u00f6vid frizur\u00e1k, melyet egyenes vonalak, karakteres von\u00e1sok jellemeznek. A nem sokkal f\u00fcl alatt \u00e9r\u0151 bob fazon igaz\u00e1n nagy trendnek \u00edg\u00e9rkezik a r\u00f6videbb haj\u00fa vend\u00e9gek k\u00f6r\u00e9ben.<\/div>\n<div dir=\"auto\"><\/div>\n<div dir=\"auto\">6. Azok a 60-as \u00e9vek<\/div>\n<div dir=\"auto\">Visszat\u00e9r egy igazi r\u00e9gi kedvenc, a 60-as \u00e9vek st\u00edlusa, ahol minden a volumen n\u00f6vel\u00e9sr\u0151l sz\u00f3l! A \u201emin\u00e9l nagyobb, ann\u00e1l jobb\u201d elven alapul\u00f3 hajviselet igazi retro st\u00edlust k\u00f6lcs\u00f6n\u00f6z visel\u0151j\u00e9nek. Remek\u00fcl alkalmazhat\u00f3 pixie fazon eset\u00e9ben, illetve hosszabb haj\u00fa Vend\u00e9geid is im\u00e1dni fogj\u00e1k ezt a st\u00edlust!<\/div>\n<div dir=\"auto\"><\/div>\n<div dir=\"auto\">7. Fonatok mindenhol<\/div>\n<div dir=\"auto\">A fon\u00e1s a m\u00e1sik olyan technika, ami soha nem megy ki a divatb\u00f3l, \u00e9s tavasszal sem lesz ez m\u00e1sk\u00e9pp. H\u00f3d\u00edtanakmajd egy egyszer\u0171bb fonatok, amikor csak 1-1 tincs k\u00e9sz\u00fcl ezzel a technik\u00e1val, de el\u0151t\u00e9rbe ker\u00fclnek majd a bonyolultabb fonatok is, legink\u00e1bb a parketta fon\u00e1s. Az idei trendekkel ellent\u00e9tben azonban nem csak 2 nagyobb tincset fonunk be, hanem t\u00f6bb kisebb tincsre osztva az eg\u00e9sz hajat.<\/div>\n<div dir=\"auto\"><\/div>\n<div dir=\"auto\">Forr\u00e1s: Selective Professional<\/div>\n<div class=\"yj6qo\"><\/div>\n","protected":false},"excerpt":{"rendered":"<p>2018-as tavaszi frizura el\u0151rejelz\u00e9s \u2013 Mi marad divatban, \u00e9s mik az \u00fajdons\u00e1gok? Nem csak a ruh\u00e1zati trendek v\u00e1ltoznak \u00e9vszakonk\u00e9nt, a frizura trendek is v\u00e1ltoznak a tavasz bek\u00f6sz\u00f6nt\u00e9vel. Sok trendt\u0151l b\u00facs\u00fat [&hellip;]<\/p>\n","protected":false},"author":1,"featured_media":1248,"comment_status":"closed","ping_status":"open","sticky":false,"template":"","format":"standard","meta":[],"categories":[8],"tags":[],"_links":{"self":[{"href":"https:\/\/www.muzsik.hu\/index.php\/wp-json\/wp\/v2\/posts\/1244"}],"collection":[{"href":"https:\/\/www.muzsik.hu\/index.php\/wp-json\/wp\/v2\/posts"}],"about":[{"href":"https:\/\/www.muzsik.hu\/index.php\/wp-json\/wp\/v2\/types\/post"}],"author":[{"embeddable":true,"href":"https:\/\/www.muzsik.hu\/index.php\/wp-json\/wp\/v2\/users\/1"}],"replies":[{"embeddable":true,"href":"https:\/\/www.muzsik.hu\/index.php\/wp-json\/wp\/v2\/comments?post=1244"}],"version-history":[{"count":1,"href":"https:\/\/www.muzsik.hu\/index.php\/wp-json\/wp\/v2\/posts\/1244\/revisions"}],"predecessor-version":[{"id":1249,"href":"https:\/\/www.muzsik.hu\/index.php\/wp-json\/wp\/v2\/posts\/1244\/revisions\/1249"}],"wp:featuredmedia":[{"embeddable":true,"href":"https:\/\/www.muzsik.hu\/index.php\/wp-json\/wp\/v2\/media\/1248"}],"wp:attachment":[{"href":"https:\/\/www.muzsik.hu\/index.php\/wp-json\/wp\/v2\/media?parent=1244"}],"wp:term":[{"taxonomy":"category","embeddable":true,"href":"https:\/\/www.muzsik.hu\/index.php\/wp-json\/wp\/v2\/categories?post=1244"},{"taxonomy":"post_tag","embeddable":true,"href":"https:\/\/www.muzsik.hu\/index.php\/wp-json\/wp\/v2\/tags?post=1244"}],"curies":[{"name":"wp","href":"https:\/\/api.w.org\/{rel}","templated":true}]}}