{"id":1237,"date":"2017-11-20T16:50:54","date_gmt":"2017-11-20T15:50:54","guid":{"rendered":"https:\/\/www.muzsik.hu\/?p=1237"},"modified":"2017-11-23T22:27:35","modified_gmt":"2017-11-23T21:27:35","slug":"bemutatkoznak-muveszeti-vezetoink-muzsik-edina-es-muzsik-tibor","status":"publish","type":"post","link":"https:\/\/www.muzsik.hu\/index.php\/2017\/11\/20\/bemutatkoznak-muveszeti-vezetoink-muzsik-edina-es-muzsik-tibor\/","title":{"rendered":"Bemutatkoznak M\u0171v\u00e9szeti Vezet\u0151ink, Muzsik Edina \u00e9s Muzsik Tibor"},"content":{"rendered":"<p>\u201eFodr\u00e1sznak lenni egy \u00e9letforma, nem csak munk\u00e1nknak, szakm\u00e1nknak tekintj\u00fck, ez a hivat\u00e1sunk, \u00e9let\u00fcnk nagy r\u00e9sz\u00e9n jelen van.\u201d<\/p>\n<p>Id\u00e9n \u0151sszel az a megtiszteltet\u00e9s \u00e9rt benn\u00fcnket, hogy a Selective Professional Csapat\u00e1ban k\u00f6sz\u00f6nthetj\u00fck Edin\u00e1t \u00e9s Tibort! T\u00f6bb mint 17 \u00e9ven \u00e1t dolgoztak a Scwartzkopf \u00e9s Indola Csapat\u00e1ban miel\u0151tt a t\u00e1voz\u00e1s mellett d\u00f6nt\u00f6ttek \u00e9s elhat\u00e1rozt\u00e1k, hogy a Selective Professional m\u00e1rk\u00e1val szeretn\u00e9nek a j\u00f6v\u0151ben egy\u00fcttm\u0171k\u00f6dni.<\/p>\n<p>Edina \u00e9s Tibor a kezdetekt\u0151l egy\u00fctt dolgoznak, mindketten<\/p>\n<p><img loading=\"lazy\" class=\"alignright wp-image-1238\" src=\"https:\/\/www.muzsik.hu\/wp-content\/uploads\/2017\/11\/IMG_6048.jpg\" alt=\"\" width=\"500\" height=\"333\" \/><\/p>\n<p>megtal\u00e1lt\u00e1k szakm\u00e1juk azon r\u00e9sz\u00e9t, amelyben kiteljesedhetnek. Hisznek abban, hogy ketten alkotnak egy egys\u00e9ges eg\u00e9szet, remek\u00fcl kieg\u00e9sz\u00edtik egym\u00e1st, maxim\u00e1lisan t\u00e1mogatj\u00e1k egym\u00e1s munk\u00e1j\u00e1t. Rendk\u00edv\u00fcl fontos sz\u00e1mukra a folyamatos fejl\u0151d\u00e9s, meg\u00fajul\u00e1s, ez\u00e1ltal Vend\u00e9geiknek mindig csakis a maximumot tudj\u00e1k ny\u00fajtani. Folyamatosan figyelik a leg\u00fajabb innov\u00e1ci\u00f3kat, \u00fajdons\u00e1gokat, azonban nemcsak a fodr\u00e1szat ter\u00fclet\u00e9n t\u00f6rekszenek a folyamatos meg\u00fajul\u00e1sra, hanem igyekeznek elsaj\u00e1t\u00edtani a leg\u00fajabb \u00fczleti, oktat\u00e1si \u00e9s marketing fog\u00e1sokat is.<\/p>\n<p>Edin\u00e1t a sz\u00ednek vil\u00e1ga var\u00e1zsolta el, igazi mestere lett a szakm\u00e1nak, t\u00f6bb, mint 17 \u00e9ves szakmai m\u00falttal a h\u00e1ta m\u00f6g\u00f6tt. Kreativit\u00e1s\u00e1t, valamint tud\u00e1s\u00e1t a szakma ezen ter\u00fclet\u00e9n tudja legink\u00e1bb kamatoztatni, ez az \u0151 szakter\u00fclete. Prec\u00edz megold\u00e1saival, egyedi l\u00e1t\u00e1sm\u00f3dj\u00e1val, hatalmas tud\u00e1s\u00e1val minden Vend\u00e9ge el\u00e9gedetten t\u00e1vozik a sz\u00e9k\u00e9b\u0151l.<\/p>\n<p><img loading=\"lazy\" class=\" wp-image-1239 alignleft\" src=\"https:\/\/www.muzsik.hu\/wp-content\/uploads\/2017\/11\/IMG_6049.jpg\" alt=\"\" width=\"458\" height=\"305\" \/>Tibor az oll\u00f3 mestere, sz\u00e1m\u00e1ra a hajv\u00e1g\u00e1s nem munka, hanem val\u00f3di m\u0171v\u00e9szet. Sz\u00e1m\u00e1ra egy\u00e9rtelm\u0171 volt, hogy ezen a vonalon kamatoztassa rendk\u00edv\u00fcli tehets\u00e9g\u00e9t, \u00e9s a hajv\u00e1g\u00e1snak szentelje p\u00e1ly\u00e1j\u00e1t. Tibor a letisztult, kompakt form\u00e1k h\u00edve, de kedveli az aszimmetrikus form\u00e1kat is. Meggy\u0151z\u0151d\u00e9se, hogy nem l\u00e9tezik k\u00e9t egyforma hajv\u00e1g\u00e1s, hiszen minden egyes frizur\u00e1t Vend\u00e9gei szem\u00e9lyis\u00e9g\u00e9hez igaz\u00edt.<\/p>\n<p>Mindketten t\u00f6bb \u00e9ves oktat\u00f3i m\u00falttal rendelkeznek, nagy nemzetk\u00f6zi m\u00e1rk\u00e1k oktat\u00f3ik\u00e9nt megfordultak m\u00e1r t\u00f6bb nemzetk\u00f6zi rendezv\u00e9nyen, tartottak nagyobb magyarorsz\u00e1gi kurzusokat \u00e9s kisebb l\u00e9tsz\u00e1m\u00fa workshopokat is. Sz\u00e1mukra elengedhetetlen a szakmai al\u00e1zat \u00e9s maxim\u00e1lis felk\u00e9sz\u00fclts\u00e9g, \u00edgy a r\u00e9sztvev\u0151k mindig biztosak lehetnek benne, hogy a lehet\u0151 legprofibbakt\u00f3l tanulhatnak.<\/p>\n<p>M\u0171v\u00e9szeti Vezet\u0151kk\u00e9nt nem csak nev\u00fcket adj\u00e1k majd a Selective Professional leg\u00fajabb projektjeihez, hanem szakmai tud\u00e1sukkal, tapasztalatukkal \u00e9s saj\u00e1tos l\u00e1t\u00e1sm\u00f3djukkal a gyakorlati folyamatokb\u00f3l is kiveszik a r\u00e9sz\u00fcket. Seg\u00edts\u00e9g\u00fckkel egy olyan felk\u00e9sz\u00fclt \u00e9s profi oktat\u00f3 csapatot \u00e1ll\u00edtunk \u00f6ssze Nektek, akik seg\u00edts\u00e9g\u00e9vel lehet\u0151s\u00e9getek lesz tud\u00e1sotokat a lehet\u0151 legnagyobb m\u00e9rt\u00e9kben fejleszteni \u00e9s b\u0151v\u00edteni. Az \u00e1ltaluk \u00f6ssze\u00e1ll\u00edtott oktat\u00e1si napt\u00e1r v\u00e1ltozatos, naprak\u00e9sz \u00e9s \u00fajdons\u00e1gokkal teli, \u00edgy a k\u00e9pz\u00e9sek ter\u00e9n a lehet\u0151 legprofibb seg\u00edts\u00e9gre sz\u00e1m\u00edthattok.<\/p>\n<p><strong>A november 11-12-\u00e9n megrendezett Tim Hartley Show-n mutatt\u00e1k be a Selective Professional els\u0151 magyarorsz\u00e1gi frizura kollekci\u00f3j\u00e1t, amely mag\u00e1n hordozza Edina \u00e9s Tibor egyedi st\u00edlusjegyeit. A kollekci\u00f3t meghat\u00e1roz\u00f3 form\u00e1kat a letisztults\u00e1g, a minimalizmus \u00e9s a kompakt form\u00e1k jellemzik, \u00f6tv\u00f6zve aszimmetrikus v\u00e1g\u00e1si technik\u00e1kkal. A kollekci\u00f3 h\u0171en t\u00fckr\u00f6zi Edina \u00e9s Tibor filoz\u00f3fi\u00e1j\u00e1t, miszerint a kevesebb t\u00f6bb. A bemutatott kollekci\u00f3t m\u0171v\u00e9szeti vezet\u0151ink a tov\u00e1bbk\u00e9pz\u00e9sek alkalm\u00e1val oktatj\u00e1k majd fodr\u00e1szainknak.<\/strong><\/p>\n<p>K\u00e9pek: Fodr\u00e1szinf\u00f3<\/p>\n","protected":false},"excerpt":{"rendered":"<p>\u201eFodr\u00e1sznak lenni egy \u00e9letforma, nem csak munk\u00e1nknak, szakm\u00e1nknak tekintj\u00fck, ez a hivat\u00e1sunk, \u00e9let\u00fcnk nagy r\u00e9sz\u00e9n jelen van.\u201d Id\u00e9n \u0151sszel az a megtiszteltet\u00e9s \u00e9rt benn\u00fcnket, hogy a Selective Professional Csapat\u00e1ban k\u00f6sz\u00f6nthetj\u00fck [&hellip;]<\/p>\n","protected":false},"author":1,"featured_media":1242,"comment_status":"closed","ping_status":"open","sticky":false,"template":"","format":"standard","meta":[],"categories":[8],"tags":[],"_links":{"self":[{"href":"https:\/\/www.muzsik.hu\/index.php\/wp-json\/wp\/v2\/posts\/1237"}],"collection":[{"href":"https:\/\/www.muzsik.hu\/index.php\/wp-json\/wp\/v2\/posts"}],"about":[{"href":"https:\/\/www.muzsik.hu\/index.php\/wp-json\/wp\/v2\/types\/post"}],"author":[{"embeddable":true,"href":"https:\/\/www.muzsik.hu\/index.php\/wp-json\/wp\/v2\/users\/1"}],"replies":[{"embeddable":true,"href":"https:\/\/www.muzsik.hu\/index.php\/wp-json\/wp\/v2\/comments?post=1237"}],"version-history":[{"count":1,"href":"https:\/\/www.muzsik.hu\/index.php\/wp-json\/wp\/v2\/posts\/1237\/revisions"}],"predecessor-version":[{"id":1240,"href":"https:\/\/www.muzsik.hu\/index.php\/wp-json\/wp\/v2\/posts\/1237\/revisions\/1240"}],"wp:featuredmedia":[{"embeddable":true,"href":"https:\/\/www.muzsik.hu\/index.php\/wp-json\/wp\/v2\/media\/1242"}],"wp:attachment":[{"href":"https:\/\/www.muzsik.hu\/index.php\/wp-json\/wp\/v2\/media?parent=1237"}],"wp:term":[{"taxonomy":"category","embeddable":true,"href":"https:\/\/www.muzsik.hu\/index.php\/wp-json\/wp\/v2\/categories?post=1237"},{"taxonomy":"post_tag","embeddable":true,"href":"https:\/\/www.muzsik.hu\/index.php\/wp-json\/wp\/v2\/tags?post=1237"}],"curies":[{"name":"wp","href":"https:\/\/api.w.org\/{rel}","templated":true}]}}